{"id":8537,"date":"2023-11-08T10:25:45","date_gmt":"2023-11-08T08:25:45","guid":{"rendered":"https:\/\/www.audioblog.iis.fraunhofer.com\/?p=8537"},"modified":"2023-11-08T10:26:15","modified_gmt":"2023-11-08T08:26:15","slug":"tmt-2023","status":"publish","type":"post","link":"https:\/\/www.audioblog.iis.fraunhofer.com\/de\/tmt-2023","title":{"rendered":"Audio-Innovationen erleben auf der tmt32"},"content":{"rendered":"<p><strong>Alle zwei Jahre l\u00e4dt der Verband deutscher Tonmeister zum Austausch auf die Tonmeistertagung ein. Nat\u00fcrlich darf das Fraunhofer IIS, eine der gr\u00f6\u00dften Forschungs- und Entwicklungsinstitutionen der Branche, hier nicht fehlen. Mit im Gep\u00e4ck sind Vortr\u00e4ge und Vorf\u00fchrungen rund um die neuesten Entwicklungen aus dem Institut.<\/strong><!--more--><\/p>\n<p>Der Rundfunk- und Streamingmarkt hat sich in den letzten Jahren rasant ver\u00e4ndert. Neue Anbieter transformieren die Branche, audiovisuelle Inhalte werden immer und \u00fcberall konsumiert. Die Technologien des Fraunhofer IIS, die genau diese Herausforderungen angehen, sind bereits praxiserprobt und kommen in den verschiedensten Bereichen zum Einsatz. \u00dcber die fortgeschrittene Integration des NGA-Codecs MPEG-H Audio in das brasilianische Rundfunksystem SBTVD berichtet Ulli Scuda am Freitag, 10.11., um 11:30 Uhr in Raum R13 mit seinem Vortrag \u201e29 Gute Gr\u00fcnde f\u00fcr NGA \u2013 Wie und warum sich Brasilien f\u00fcr MPEG-H als zuk\u00fcnftiges Rundfunksystem entschieden hat\u201c. Einblicke in das Thema Personalisierung und Barrierefreiheit gibt Christian Simon mit seinem Vortrag \u201eDann mach deinen Mix doch selbst! \u2013 Dialogue Enhancement und Personalisierung mit MPEG-H Audio\u201c am Freitag, 10.11., um 12:00 Uhr in Raum R13. Insgesamt 11 Beitr\u00e4ge aus dem <a href=\"https:\/\/tonmeistertagung.com\/de\/programm\/kongress\/?q=group%3Anga#scroll\">Themenkomplex \u201eBroadcast \/ NGA \/ Trimediale Produktion\u201c<\/a> pr\u00e4sentiert Damiela Rieger zusammen mit Wolfgang Rein vom SWR am 9. und 10.11.<\/p>\n<p>Neben den Berichten aus der Praxis gibt es im <a href=\"https:\/\/tonmeisterin.org\/download\/TMT32\/Hallenplan_CCD_tmt32.pdf\">Demoraum 10<\/a> auch praktische Einblicke in die Audiotechnologien aus dem Fraunhofer IIS. Vom 3D-Klang aus der Soundbar \u00fcber Dialoganhebung mit KI-gest\u00fctzten Tools bis hin zur Gestaltung von immersiven, personalisierbaren Audioerlebnissen in Pro Tools und Nuendo: Hier ist Raum zum Erleben, Ausprobieren und Fragen.<\/p>\n<p>Ganz besonders freut sich das Team auf den Studierendentag am 11.11. In unseren interdisziplin\u00e4ren Teams leisten n\u00e4mlich Studierende mit Praktika, Abschluss- und anderen wissenschaftlichen Arbeiten wichtige Beitr\u00e4ge zu den neuesten Entwicklungen der Audioindustrie. Das Fraunhofer IIS bietet ihnen als einer der gr\u00f6\u00dften europ\u00e4ischen Akteure der angewandten Forschung neben spannenden AV-Themen und einzigartigen technischen Voraussetzungen auch die besten M\u00f6glichkeiten zur pers\u00f6nlichen Weiterentwicklung.<\/p>\n<p>Kolleginnen und Kollegen vor Ort zeigen Studierenden, an welchen Themen sie t\u00e4glich arbeiten und sind gespannt auf Austausch und Fragen rund um die Karrierem\u00f6glichkeiten am IIS.<\/p>\n","protected":false},"excerpt":{"rendered":"<p>Alle zwei Jahre l\u00e4dt der Verband deutscher Tonmeister zum Austausch auf die Tonmeistertagung ein. Nat\u00fcrlich darf das Fraunhofer IIS, eine der gr\u00f6\u00dften Forschungs- und Entwicklungsinstitutionen der Branche, hier nicht fehlen. Mit im Gep\u00e4ck sind Vortr\u00e4ge und Vorf\u00fchrungen rund um die neuesten Entwicklungen aus dem Institut.<\/p>\n","protected":false},"author":2,"featured_media":8538,"comment_status":"closed","ping_status":"open","sticky":false,"template":"","format":"standard","meta":{"footnotes":""},"categories":[110],"tags":[],"class_list":["post-8537","post","type-post","status-publish","format-standard","has-post-thumbnail","hentry","category-veranstaltungen-messen"],"_links":{"self":[{"href":"https:\/\/www.audioblog.iis.fraunhofer.com\/de\/wp-json\/wp\/v2\/posts\/8537"}],"collection":[{"href":"https:\/\/www.audioblog.iis.fraunhofer.com\/de\/wp-json\/wp\/v2\/posts"}],"about":[{"href":"https:\/\/www.audioblog.iis.fraunhofer.com\/de\/wp-json\/wp\/v2\/types\/post"}],"author":[{"embeddable":true,"href":"https:\/\/www.audioblog.iis.fraunhofer.com\/de\/wp-json\/wp\/v2\/users\/2"}],"replies":[{"embeddable":true,"href":"https:\/\/www.audioblog.iis.fraunhofer.com\/de\/wp-json\/wp\/v2\/comments?post=8537"}],"version-history":[{"count":2,"href":"https:\/\/www.audioblog.iis.fraunhofer.com\/de\/wp-json\/wp\/v2\/posts\/8537\/revisions"}],"predecessor-version":[{"id":8543,"href":"https:\/\/www.audioblog.iis.fraunhofer.com\/de\/wp-json\/wp\/v2\/posts\/8537\/revisions\/8543"}],"wp:featuredmedia":[{"embeddable":true,"href":"https:\/\/www.audioblog.iis.fraunhofer.com\/de\/wp-json\/wp\/v2\/media\/8538"}],"wp:attachment":[{"href":"https:\/\/www.audioblog.iis.fraunhofer.com\/de\/wp-json\/wp\/v2\/media?parent=8537"}],"wp:term":[{"taxonomy":"category","embeddable":true,"href":"https:\/\/www.audioblog.iis.fraunhofer.com\/de\/wp-json\/wp\/v2\/categories?post=8537"},{"taxonomy":"post_tag","embeddable":true,"href":"https:\/\/www.audioblog.iis.fraunhofer.com\/de\/wp-json\/wp\/v2\/tags?post=8537"}],"curies":[{"name":"wp","href":"https:\/\/api.w.org\/{rel}","templated":true}]}}