{"id":8399,"date":"2023-06-21T13:38:42","date_gmt":"2023-06-21T11:38:42","guid":{"rendered":"https:\/\/www.audioblog.iis.fraunhofer.com\/?p=8399"},"modified":"2023-06-21T13:38:42","modified_gmt":"2023-06-21T11:38:42","slug":"rieger-vizepraesidentin-vdt","status":"publish","type":"post","link":"https:\/\/www.audioblog.iis.fraunhofer.com\/de\/rieger-vizepraesidentin-vdt","title":{"rendered":"Fraunhofer IIS Mitarbeiterin wird Vizepr\u00e4sidentin des VDT"},"content":{"rendered":"<p><strong>Wir freuen uns mit der Toningenieurin Daniela Rieger, die ab jetzt die Zukunft des Verbands Deutscher Tonmeister mitgestalten wird.<\/strong><!--more--><\/p>\n<p>Der VDT ist der gr\u00f6\u00dfte Berufsverband f\u00fcr Tonschaffende im DACH-Raum und wurde vor kurzem 70 Jahre alt. Seit Mai hat der Verband einen neuen Vorstand, geleitet von der erfahrenen Tonmeisterin und Produzentin Ulrike Anderson. Neue Vizepr\u00e4sidentin ist die Toningenieurin Daniela Rieger, die am Fraunhofer IIS besch\u00e4ftigt ist. Sie findet, dass die Aufgabe des VDT nicht allein darin besteht, seine Mitglieder nach au\u00dfen zu repr\u00e4sentieren, sondern dass er ihnen vor allem erm\u00f6glichen soll, voneinander zu lernen, sich gegenseitig zu unterst\u00fctzen und Synergien zu schaffen. Sie freut sich darauf, w\u00e4hrend ihrer Amtszeit diese Entwicklung weiter zu begleiten.<\/p>\n<p>\u201eEs ist uns ein gro\u00dfes Anliegen, den VDT auch f\u00fcr ein j\u00fcngeres, heterogeneres Publikum attraktiv zu gestalten. Unsere Branche ist in den letzten Jahrzehnten viel diverser geworden und diese Vielf\u00e4ltigkeit wollen unsere Mitglieder nat\u00fcrlich auch in der Organisation wiederfinden, die sie repr\u00e4sentiert. Deswegen entwickeln wir uns permanent weiter: Wir m\u00f6chten weiterhin eine wichtige Rolle in der Industrie spielen, damit wir unseren Mitgliedern die bestm\u00f6gliche Unterst\u00fctzung bieten k\u00f6nnen. Das gilt besonders f\u00fcr Menschen, die am Anfang ihres Berufslebens stehen und f\u00fcr Aufgabenfelder, die sich neu entwickelt haben oder bisher eher als Nischent\u00e4tigkeit galten. Ich finde es toll, dass unser aktueller Vorstand diesen Kulturwandel schon abbildet\u201c, erkl\u00e4rt Rieger. Neben ihr und Anderson umfasst das Gremium noch J\u00fcrgen Goeres-Petry und Marcel Remy aus dem Rundfunkbereich sowie den Veranstaltungstechniker J\u00f6rn Nettingsmeier und den Akustiker Christopher Sauder Engeler.<\/p>\n<p>Urspr\u00fcnglich lag der Fokus des VDT auf Tontechnik und die Mitglieder waren \u00fcberwiegend im Musikbereich t\u00e4tig. Inzwischen hat sich das Spektrum stark erweitert: Mitglieder aus allen Bereichen der Audioindustrie sorgen f\u00fcr eine enorme Breite der von Fach- und Regionalgruppen abgedeckten Interessengebiete. Genau diese breite Aufstellung von Themen und Aufgaben macht den Verband in Riegers Augen so attraktiv. Ihr pers\u00f6nliches Ziel ist es, daf\u00fcr zu sorgen, dass jeder und jede Tonschaffende und Pers\u00f6nlichkeit sich hier wiederfindet.<\/p>\n<p>Am Fraunhofer IIS arbeitet die Toningenieurin daran mit, die neuesten Audiotechnologien in die praktische Anwendung zu bringen. Dabei gef\u00e4llt ihr besonders die Vielseitigkeit ihrer Aufgaben \u2013 vom Erstellen eines immersiven Mix zum Testen eines neuen Technologiefeatures \u00fcber die Unterst\u00fctzung von Unternehmen bei der Implementierung neuer Codecs bis zum Erkl\u00e4ren von Methoden zur Dialoganhebung auf Messen. Dabei ist sie der Ansicht, dass es sich immer lohnt, \u00fcber den Tellerrand des eigenen Arbeitsbereichs hinauszublicken: \u201eAktuelle Forschung und neueste Technologien sind auch f\u00fcr diejenigen spannend, die in Opernh\u00e4usern f\u00fcr den Klang verantwortlich sind\u201c, erkl\u00e4rt sie. \u201eEin branchen\u00fcbergreifendes Netzwerk, in dem man auch mal Herausforderungen besprechen kann, hilft wirklich sehr dabei, die eigene Arbeit zu verbessern.\u201c<\/p>\n<p>Rieger betont die Chancen, die eine Mitgliedschaft im VDT er\u00f6ffnet: \u201e\u00dcber den VDT habe ich viele Kolleginnen und Kollegen aus den unterschiedlichsten Audioberufen kennengelernt. In so einem Netzwerk kann man alle M\u00f6glichkeiten entdecken, die die Deutsche und sogar die internationale Audioindustrie einem zu bieten hat.\u201c<\/p>\n<p>Prof. Bernhard Grill, Institutsleiter des Fraunhofer IIS, gratuliert seiner Mitarbeiterin und hebt dabei zwei Aspekte ihrer neuen Rolle besonders hervor: \u201eF\u00fcr das Fraunhofer IIS sind die Einblicke extrem wertvoll, die eine enge Verbindung zu Berufsverb\u00e4nden mit sich bringt zugleich tr\u00e4gt es aber auch zu unserer Sichtbarkeit in unserem wichtigsten Themengebiet \u201eAudio\u201c bei. Au\u00dferdem ist eine junge Frau als Vizepr\u00e4sidentin des VDT ein gro\u00dfartiges Vorbild f\u00fcr junge Menschen in einer bisher eher m\u00e4nnerdominierten Branche.\u201c<\/p>\n<p>Den neuen Vorstand des VDT trifft man am besten auf der \u201eTonmeistertagung\u201c, die im November in D\u00fcsseldorf stattfindet. Dort kann man sich auch \u00fcber das Angebot des Verbands informieren. Die neue Vizepr\u00e4sidentin, die das Team bei der Gestaltung des Konferenzprogramms unterst\u00fctzt, hofft, sich dort mit vielen neuen und alten Mitgliedern auszutauschen und freut sich auf die vor ihr liegenden Aufgaben, Chancen und Herausforderungen.<\/p>\n","protected":false},"excerpt":{"rendered":"<p>Wir freuen uns mit der Toningenieurin Daniela Rieger, die ab jetzt die Zukunft des Verbands Deutscher Tonmeister mitgestalten wird.<\/p>\n","protected":false},"author":2,"featured_media":8396,"comment_status":"closed","ping_status":"open","sticky":false,"template":"","format":"standard","meta":{"footnotes":""},"categories":[116],"tags":[],"class_list":["post-8399","post","type-post","status-publish","format-standard","has-post-thumbnail","hentry","category-menschen"],"_links":{"self":[{"href":"https:\/\/www.audioblog.iis.fraunhofer.com\/de\/wp-json\/wp\/v2\/posts\/8399"}],"collection":[{"href":"https:\/\/www.audioblog.iis.fraunhofer.com\/de\/wp-json\/wp\/v2\/posts"}],"about":[{"href":"https:\/\/www.audioblog.iis.fraunhofer.com\/de\/wp-json\/wp\/v2\/types\/post"}],"author":[{"embeddable":true,"href":"https:\/\/www.audioblog.iis.fraunhofer.com\/de\/wp-json\/wp\/v2\/users\/2"}],"replies":[{"embeddable":true,"href":"https:\/\/www.audioblog.iis.fraunhofer.com\/de\/wp-json\/wp\/v2\/comments?post=8399"}],"version-history":[{"count":1,"href":"https:\/\/www.audioblog.iis.fraunhofer.com\/de\/wp-json\/wp\/v2\/posts\/8399\/revisions"}],"predecessor-version":[{"id":8400,"href":"https:\/\/www.audioblog.iis.fraunhofer.com\/de\/wp-json\/wp\/v2\/posts\/8399\/revisions\/8400"}],"wp:featuredmedia":[{"embeddable":true,"href":"https:\/\/www.audioblog.iis.fraunhofer.com\/de\/wp-json\/wp\/v2\/media\/8396"}],"wp:attachment":[{"href":"https:\/\/www.audioblog.iis.fraunhofer.com\/de\/wp-json\/wp\/v2\/media?parent=8399"}],"wp:term":[{"taxonomy":"category","embeddable":true,"href":"https:\/\/www.audioblog.iis.fraunhofer.com\/de\/wp-json\/wp\/v2\/categories?post=8399"},{"taxonomy":"post_tag","embeddable":true,"href":"https:\/\/www.audioblog.iis.fraunhofer.com\/de\/wp-json\/wp\/v2\/tags?post=8399"}],"curies":[{"name":"wp","href":"https:\/\/api.w.org\/{rel}","templated":true}]}}