{"id":7383,"date":"2021-12-03T18:02:49","date_gmt":"2021-12-03T16:02:49","guid":{"rendered":"https:\/\/websites.fraunhofer.de\/audioblog\/?p=7383"},"modified":"2022-01-24T18:05:02","modified_gmt":"2022-01-24T16:05:02","slug":"grupo-rede-amazonica-mpegh-amazon-sat","status":"publish","type":"post","link":"https:\/\/www.audioblog.iis.fraunhofer.com\/de\/grupo-rede-amazonica-mpegh-amazon-sat","title":{"rendered":"Grupo Rede Amaz\u00f4nica f\u00fchrt MPEG-H Audio auf ihrem Sender Amazon Sat ein"},"content":{"rendered":"<p><strong>Als erste Sendeanstalt in Lateinamerika sendet Grupo Rede Amaz\u00f4nica auf einem seiner terrestrischen Kan\u00e4le 24\/7-MPEG-H Audio <\/strong><strong>im Standard ISDB-Tb TV 2.5.<\/strong><\/p>\n<p><!--more--><\/p>\n<p>In Brasilien wird die digitale TV-Infrastruktur derzeit umfassend aufger\u00fcstet. Hierzu tr\u00e4gt der TV 2.5 Standard des brasilianischen Forums f\u00fcr Digital-TV (SBTVD Forum) bei. Er wurde im August 2019 abgeschlossen und umfasst neueste Medientechnologien wie immersives und \u00a0personalisierbares Audio sowie HDR-Video.<\/p>\n<p>MPEG-H Audio wurde unter anderem wegen seines immersiven Sounds in den TV 2.5 Standard aufgenommen. Eine entscheidende Rolle spielten dabei aber auch seine hochmodernen Optionen zur Personalisierung und f\u00fcr mehr Barrierefreiheit, die derzeit kein anderes Audiosystem bietet. MPEG-H Audio erm\u00f6glicht es den Zuschauern, die Wiedergabe der Inhalte zu modifizieren und damit das H\u00f6rerlebnis an ihre eigenen Vorlieben anzupassen. Die Optionen, das Verh\u00e4ltnis von Dialoglautst\u00e4rke und Hintergrundger\u00e4uschen individuell einzustellen, zwischen unterschiedlichen Sprachen zu w\u00e4hlen und die Audiodeskription an verschiedenen Stellen im Raum zu positionieren, sorgen f\u00fcr ein h\u00f6chst individuelles Erlebnis. Gleichzeitig erleichtert das System barrierefreien Zugriff auch f\u00fcr Menschen mit eingeschr\u00e4nktem Seh- oder H\u00f6rverm\u00f6gen.<\/p>\n<p><strong>Auf dem Weg zu TV 2.5<\/strong><\/p>\n<p>\u201eGrupo Rede Amaz\u00f4nica ist das gr\u00f6\u00dfte Kommunikationsunternehmen in Nordbrasilien und ein wichtiger Impulsgeber f\u00fcr den Fortschritt und die Umsetzung technischer Innovationen. Als erster brasilianischer Sender f\u00fchrt Amazon Sat MPEG-H Audio in sein regul\u00e4res 24\/7-Sendeprogramm ein. Damit werden erstmals M\u00f6glichkeiten wie immersiver Sound und Interaktivit\u00e4t im Free-to-Air-TV angeboten\u201c, erkl\u00e4rt Eduardo Lopes, Engineering Director bei Grupo Rede Amaz\u00f4nica.<\/p>\n<p>\u201eDie Zusammenarbeit mit dem Team von Fraunhofer bei der Integration von MPEG-H Audio in unsere Produktions- und \u00dcbertragungskette lief hervorragend\u201c, sagt Luciano Jeyson, Technical Supervisor bei Grupo Rede Amaz\u00f4nica. Und weiter: \u201eEs ist fantastisch, dass wir Teil dieses historischen Moments sind. Dank MPEG-H Audio k\u00f6nnen die Zuschauer bei Amazon Sat nun das Audioerlebnis an ihre pers\u00f6nlichen Vorlieben anpassen und ihr t\u00e4gliches Programm ganz neu erleben.\u201c<\/p>\n<p><strong>Erstellung von Inhalten f\u00fcr das neue Programm<\/strong><\/p>\n<p>MPEG-H Audio bietet einen wesentlichen Vorteil: Die Personalisierungsfunktionen stehen sowohl f\u00fcr 3D-Sound wie f\u00fcr 5.1- und Stereo-Produktionen zur Verf\u00fcgung. Damit kann eine einzige Produktion in MPEG-H Audio all diese Formate abdecken. Audioproduzenten und Redakteure sind schon dabei, neue, aufregende Inhalte mit MPEG-H Audio zu kreieren. Eine Reihe intuitiver Produktionswerkzeuge f\u00fcr MPEG-H Audio k\u00f6nnen in bestehende Tools und bew\u00e4hrte Workflows integriert werden, ohne dass die Abl\u00e4ufe sich \u00e4ndern m\u00fcssen. Mit nur wenigen Anpassungen lassen sich somit Stereo-, 5.1- und 3D-Inhalte mit zus\u00e4tzlichen Personalisierungsoptionen produzieren.<\/p>\n<p>\u201eWir freuen uns, dass wir unsere Partner bei Grupo Rede Amaz\u00f4nica dabei unterst\u00fctzen konnten, als erste Sendeanstalt in Brasilien dem Publikum ein personalisiertes H\u00f6rerlebnis zu bieten\u201c, erkl\u00e4rt Stefan Meltzer, Chief Business Development Manager im Bereich Audio und Medientechnologien des Fraunhofer IIS. \u201eZusammen mit unseren Technologiepartnern bei ATEME und Showcase Pro haben wir einen gro\u00dfen Meilenstein in der brasilianischen Fernsehgeschichte erreicht. Es macht wirklich Spa\u00df, Teil eines so engagierten Teams zu sein, und ich freue mich schon auf all die weiteren spannenden Projekte auf unserer Agenda.\u201c<\/p>\n<p>Titelbild: \u00a9 Fraunhofer IIS<\/p>\n<p>&nbsp;<\/p>\n","protected":false},"excerpt":{"rendered":"<p>Als erste Sendeanstalt in Lateinamerika sendet Grupo Rede Amaz\u00f4nica auf einem seiner terrestrischen Kan\u00e4le 24\/7-MPEG-H Audio im Standard ISDB-Tb TV 2.5.<\/p>\n","protected":false},"author":2,"featured_media":7282,"comment_status":"closed","ping_status":"open","sticky":false,"template":"","format":"standard","meta":{"footnotes":""},"categories":[111],"tags":[311,374,360],"class_list":["post-7383","post","type-post","status-publish","format-standard","has-post-thumbnail","hentry","category-produkte-technologien","tag-audio-de","tag-broadcast-de","tag-mpeg-h-de"],"_links":{"self":[{"href":"https:\/\/www.audioblog.iis.fraunhofer.com\/de\/wp-json\/wp\/v2\/posts\/7383"}],"collection":[{"href":"https:\/\/www.audioblog.iis.fraunhofer.com\/de\/wp-json\/wp\/v2\/posts"}],"about":[{"href":"https:\/\/www.audioblog.iis.fraunhofer.com\/de\/wp-json\/wp\/v2\/types\/post"}],"author":[{"embeddable":true,"href":"https:\/\/www.audioblog.iis.fraunhofer.com\/de\/wp-json\/wp\/v2\/users\/2"}],"replies":[{"embeddable":true,"href":"https:\/\/www.audioblog.iis.fraunhofer.com\/de\/wp-json\/wp\/v2\/comments?post=7383"}],"version-history":[{"count":1,"href":"https:\/\/www.audioblog.iis.fraunhofer.com\/de\/wp-json\/wp\/v2\/posts\/7383\/revisions"}],"predecessor-version":[{"id":7384,"href":"https:\/\/www.audioblog.iis.fraunhofer.com\/de\/wp-json\/wp\/v2\/posts\/7383\/revisions\/7384"}],"wp:featuredmedia":[{"embeddable":true,"href":"https:\/\/www.audioblog.iis.fraunhofer.com\/de\/wp-json\/wp\/v2\/media\/7282"}],"wp:attachment":[{"href":"https:\/\/www.audioblog.iis.fraunhofer.com\/de\/wp-json\/wp\/v2\/media?parent=7383"}],"wp:term":[{"taxonomy":"category","embeddable":true,"href":"https:\/\/www.audioblog.iis.fraunhofer.com\/de\/wp-json\/wp\/v2\/categories?post=7383"},{"taxonomy":"post_tag","embeddable":true,"href":"https:\/\/www.audioblog.iis.fraunhofer.com\/de\/wp-json\/wp\/v2\/tags?post=7383"}],"curies":[{"name":"wp","href":"https:\/\/api.w.org\/{rel}","templated":true}]}}