{"id":6660,"date":"2021-03-22T15:00:23","date_gmt":"2021-03-22T13:00:23","guid":{"rendered":"https:\/\/websites.fraunhofer.de\/audioblog\/?p=6660"},"modified":"2021-03-22T15:15:11","modified_gmt":"2021-03-22T13:15:11","slug":"sonamic-panorama-seat-leon","status":"publish","type":"post","link":"https:\/\/www.audioblog.iis.fraunhofer.com\/de\/sonamic-panorama-seat-leon","title":{"rendered":"Sonamic Panorama bringt Surround-Sound der n\u00e4chsten Generation in den neuen Seat Leon"},"content":{"rendered":"<p><strong>Die Fraunhofer Automotive-Audiotechnologie ist in das BeatsAudio-Soundsystem des Seat Leon integriert und sorgt auch in weiteren neuen Modellen des VW-Konzerns f\u00fcr unwiderstehlichen Rundum-Klang.<\/strong><!--more--><\/p>\n<p>Heutigen Autok\u00e4ufern werden Interieur und Sonderausstattungen wie das Soundsystem zunehmend wichtiger. Mit <a href=\"https:\/\/www.iis.fraunhofer.de\/de\/ff\/amm\/automotive\/sonamic.html\" target=\"_blank\" rel=\"noopener noreferrer\">Fraunhofer Sonamic Panorama<\/a> wird die Musikanlage im Auto zum echten Highlight \u2013 die Musik wird in ihrer vollen emotionalen Intensit\u00e4t sp\u00fcrbar. Diese neuartige Form des Surround-Sounds ist nun im neuen Seat Leon (5-T\u00fcrer und ST) mit BeatsAudio Soundsystem erlebbar und l\u00e4sst jedes Musikst\u00fcck zum immersiven Erlebnis werden. Au\u00dferdem ist die Fraunhofer Sonamic Panorama-Technologie in den Seat-Modellen Ateca und Tarraco und den Cupra-Modellen Cupra Leon (5-T\u00fcrer und ST), Ateca und Formentor, sowie in weiteren neuen Modellen des VW-Konzerns, wie dem VW Golf 8, VW Arteon, VW Passat, VW Tiguan, dem \u0160koda Scala und dem \u0160koda Kamiq als Teil von In-Car Entertainment-Systemen verf\u00fcgbar.<\/p>\n<figure id=\"attachment_6664\" aria-describedby=\"caption-attachment-6664\" style=\"width: 300px\" class=\"wp-caption alignleft\"><img loading=\"lazy\" decoding=\"async\" class=\"size-medium wp-image-6664\" src=\"https:\/\/www.audioblog.iis.fraunhofer.com\/wp-content\/uploads\/2021\/03\/SonamicPanorama_OFF-300x300.png\" alt=\"\" width=\"300\" height=\"300\" srcset=\"https:\/\/www.audioblog.iis.fraunhofer.com\/wp-content\/uploads\/2021\/03\/SonamicPanorama_OFF-300x300.png 300w, https:\/\/www.audioblog.iis.fraunhofer.com\/wp-content\/uploads\/2021\/03\/SonamicPanorama_OFF-150x150.png 150w, https:\/\/www.audioblog.iis.fraunhofer.com\/wp-content\/uploads\/2021\/03\/SonamicPanorama_OFF-768x768.png 768w, https:\/\/www.audioblog.iis.fraunhofer.com\/wp-content\/uploads\/2021\/03\/SonamicPanorama_OFF-370x370.png 370w, https:\/\/www.audioblog.iis.fraunhofer.com\/wp-content\/uploads\/2021\/03\/SonamicPanorama_OFF-270x270.png 270w, https:\/\/www.audioblog.iis.fraunhofer.com\/wp-content\/uploads\/2021\/03\/SonamicPanorama_OFF-740x740.png 740w, https:\/\/www.audioblog.iis.fraunhofer.com\/wp-content\/uploads\/2021\/03\/SonamicPanorama_OFF.png 801w\" sizes=\"(max-width: 300px) 100vw, 300px\" \/><figcaption id=\"caption-attachment-6664\" class=\"wp-caption-text\">Stereo-B\u00fchne<\/figcaption><\/figure>\n<p>Der Sonamic Panorama-Algorithmus eignet sich besonders f\u00fcr Fahrzeuge der Klein-, Kompakt-, und Mittelklasse und realisiert ein Rendering-Konzept, das die einzelnen Schallquellen aus einer Stereoaufnahme herausl\u00f6st, in mehrere Raumsegmente aufteilt und sie \u2013 unter Ber\u00fccksichtigung der vorhandenen Lautsprecher und deren Positionen \u2013 gleichm\u00e4\u00dfig um die Fahrzeuginsassen auff\u00e4chert. Im Stereobild au\u00dfenliegende Schallquellen erklingen dann von seitlich oder weiter hinten, w\u00e4hrend mittige akustisch unver\u00e4ndert vor dem H\u00f6rer bleiben. Details, die sich bei einer reinen Stereowiedergabe gegenseitig verdecken, k\u00f6nnen so besser wahrgenommen und neu entdeckt werden. Der Zuh\u00f6rer erlebt das erzeugte Klangergebnis dadurch sehr intensiv und emotional: in der Mitte des Ensembles oder bei Liveaufnahmen direkt im Publikumsgeschehen.<\/p>\n<figure id=\"attachment_6668\" aria-describedby=\"caption-attachment-6668\" style=\"width: 300px\" class=\"wp-caption alignleft\"><img loading=\"lazy\" decoding=\"async\" class=\"size-medium wp-image-6668\" src=\"https:\/\/www.audioblog.iis.fraunhofer.com\/wp-content\/uploads\/2021\/03\/SonamicPanorama_ON-300x300.png\" alt=\"\" width=\"300\" height=\"300\" srcset=\"https:\/\/www.audioblog.iis.fraunhofer.com\/wp-content\/uploads\/2021\/03\/SonamicPanorama_ON-300x300.png 300w, https:\/\/www.audioblog.iis.fraunhofer.com\/wp-content\/uploads\/2021\/03\/SonamicPanorama_ON-150x150.png 150w, https:\/\/www.audioblog.iis.fraunhofer.com\/wp-content\/uploads\/2021\/03\/SonamicPanorama_ON-768x768.png 768w, https:\/\/www.audioblog.iis.fraunhofer.com\/wp-content\/uploads\/2021\/03\/SonamicPanorama_ON-370x370.png 370w, https:\/\/www.audioblog.iis.fraunhofer.com\/wp-content\/uploads\/2021\/03\/SonamicPanorama_ON-270x270.png 270w, https:\/\/www.audioblog.iis.fraunhofer.com\/wp-content\/uploads\/2021\/03\/SonamicPanorama_ON-740x740.png 740w, https:\/\/www.audioblog.iis.fraunhofer.com\/wp-content\/uploads\/2021\/03\/SonamicPanorama_ON.png 801w\" sizes=\"(max-width: 300px) 100vw, 300px\" \/><figcaption id=\"caption-attachment-6668\" class=\"wp-caption-text\">Sonamic Panorama Surround-Sound<\/figcaption><\/figure>\n<p>Daneben kann Sonamic Panorama auch diffuse, so genannte ambiente Raumschallanteile erkennen und von der urspr\u00fcnglichen Aufnahme trennen. F\u00fcr den gew\u00fcnschten \u201ePanorama-Effekt\u201c wird diese ambiente Rauminformation ebenfalls r\u00e4umlich erweitert und letztendlich mit den verteilten Direktschallsegmenten wieder zusammengef\u00fchrt.<\/p>\n<p><strong>Keine zus\u00e4tzlichen Klanganteile<\/strong><\/p>\n<p>Sonamic Panorama greift ausschlie\u00dflich in die Positionierung der Schallereignisse ein und f\u00e4chert diese auf. Zus\u00e4tzliche Klanganteile werden nicht hinzugef\u00fcgt. Die Wiedergabe bleibt stets frei von Artefakten und ist robust gegen FM-Rauschen und schlechten Empfang im digitalen Rundfunk. Die Prozessierung der Signale l\u00e4uft dabei vollst\u00e4ndig in Echtzeit ab. Das bedeutet, dass auch beim Ein- und Umschalten keine Umschaltartefakte auftreten.<\/p>\n<p>Durch den Einsatz moderner, intelligenter Signalverarbeitung kann Sonamic Panorama eine beeindruckende Verbesserung der Klangintensit\u00e4t erzielen. Bis zu vier Intensit\u00e4tsstufen (0 \u2013 3) sind m\u00f6glich, die sich jeweils durch den Grad der Auff\u00e4cherung und der Gewichtung von direkten und ambienten Schallanteilen unterscheiden.<\/p>\n<p>Der Sonamic Panorama-Algorithmus kann bereits ab vier Lautsprecherpositionen betrieben werden und erfordert keine zus\u00e4tzlichen oder besonderen Lautsprecher, ist aber skalierbar. Durch die geringe Anzahl an ben\u00f6tigten Lautsprechern k\u00f6nnen die Kosten und das Fahrzeuggewicht niedrig gehalten werden.<\/p>\n<p>Weitere Informationen zur Sonamic-Technologiefamilie: <a href=\"http:\/\/www.sonamic.de\" target=\"_blank\" rel=\"noopener noreferrer\">www.sonamic.de<\/a><\/p>\n<p>Titelbild: \u00a9 SEAT, S. A.<\/p>\n","protected":false},"excerpt":{"rendered":"<p>Die Fraunhofer Automotive-Audiotechnologie ist in das BeatsAudio-Soundsystem des Seat Leon integriert und sorgt auch in weiteren neuen Modellen des VW-Konzerns f\u00fcr unwiderstehlichen Rundum-Klang.<\/p>\n","protected":false},"author":14,"featured_media":6679,"comment_status":"closed","ping_status":"open","sticky":false,"template":"","format":"standard","meta":{"footnotes":""},"categories":[111],"tags":[383,550],"class_list":["post-6660","post","type-post","status-publish","format-standard","has-post-thumbnail","hentry","category-produkte-technologien","tag-sonamic-de","tag-sonamic-panorama-de"],"_links":{"self":[{"href":"https:\/\/www.audioblog.iis.fraunhofer.com\/de\/wp-json\/wp\/v2\/posts\/6660"}],"collection":[{"href":"https:\/\/www.audioblog.iis.fraunhofer.com\/de\/wp-json\/wp\/v2\/posts"}],"about":[{"href":"https:\/\/www.audioblog.iis.fraunhofer.com\/de\/wp-json\/wp\/v2\/types\/post"}],"author":[{"embeddable":true,"href":"https:\/\/www.audioblog.iis.fraunhofer.com\/de\/wp-json\/wp\/v2\/users\/14"}],"replies":[{"embeddable":true,"href":"https:\/\/www.audioblog.iis.fraunhofer.com\/de\/wp-json\/wp\/v2\/comments?post=6660"}],"version-history":[{"count":5,"href":"https:\/\/www.audioblog.iis.fraunhofer.com\/de\/wp-json\/wp\/v2\/posts\/6660\/revisions"}],"predecessor-version":[{"id":6685,"href":"https:\/\/www.audioblog.iis.fraunhofer.com\/de\/wp-json\/wp\/v2\/posts\/6660\/revisions\/6685"}],"wp:featuredmedia":[{"embeddable":true,"href":"https:\/\/www.audioblog.iis.fraunhofer.com\/de\/wp-json\/wp\/v2\/media\/6679"}],"wp:attachment":[{"href":"https:\/\/www.audioblog.iis.fraunhofer.com\/de\/wp-json\/wp\/v2\/media?parent=6660"}],"wp:term":[{"taxonomy":"category","embeddable":true,"href":"https:\/\/www.audioblog.iis.fraunhofer.com\/de\/wp-json\/wp\/v2\/categories?post=6660"},{"taxonomy":"post_tag","embeddable":true,"href":"https:\/\/www.audioblog.iis.fraunhofer.com\/de\/wp-json\/wp\/v2\/tags?post=6660"}],"curies":[{"name":"wp","href":"https:\/\/api.w.org\/{rel}","templated":true}]}}