{"id":6327,"date":"2020-11-18T16:00:12","date_gmt":"2020-11-18T14:00:12","guid":{"rendered":"https:\/\/websites.fraunhofer.de\/audioblog\/?p=6327"},"modified":"2021-02-04T18:43:11","modified_gmt":"2021-02-04T16:43:11","slug":"siegfried-foessel-honorarprofessor-hff","status":"publish","type":"post","link":"https:\/\/www.audioblog.iis.fraunhofer.com\/de\/siegfried-foessel-honorarprofessor-hff","title":{"rendered":"Bewegtbild-Experte Dr. Siegfried F\u00f6\u00dfel wird Honorarprofessor an der HFF"},"content":{"rendered":"<p><b>Die Digitalisierung der Medien ist sein Thema. Am Fraunhofer-Institut f\u00fcr Integrierte Schaltungen leitet Dr. Siegfried F\u00f6\u00dfel die Abteilung Bewegtbildtechnologien und an der Hochschule f\u00fcr Film und Fernsehen in M\u00fcnchen vermittelt er sein Wissen an Studierende. Nun hat die Hochschule den Bewegtbild-Experten zum Honorarprofessor ernannt. Seine Aufgabe: Neue technische Entwicklungen in das Lehrangebot integrieren.<\/b><\/p>\n<p><!--more--><\/p>\n<div class=\"fhg-grid-item fhg-grid-2-2-1\">\n<div class=\"fhg-content fhg-richtext\">\n<p>Dr. Siegfried F\u00f6\u00dfel ist 1. Vorsitzender der Fernseh- und Kinotechnischen Gesellschaft sowie Vorsitzender verschiedener Arbeitsgruppen in Standardisierungsgremien wie ISO und DIN. Seit Oktober 2018 ist er zudem Abteilungsleiter Technik an der HFF in M\u00fcnchen. Es ist ihm ein Anliegen aus seiner langj\u00e4hrigen internationalen Erfahrung und Besch\u00e4ftigung mit der Digitalisierung des Kinos, der Videocodierung sowie KI-gest\u00fctzter Medienworkflows die Studierenden \u00bbfit\u00ab im Umgang mit neuen Medientechnologien zu machen.<\/p>\n<p>\u00bbEs ist mir wichtig, dass auch die filmschaffenden Studierenden mit dem notwendigen Wissen ausgestattet werden, damit Kreativit\u00e4t und Technik auf m\u00f6glichst gleicher Augenh\u00f6he eine Einheit im Wettstreit um den besten Film bilden k\u00f6nnen\u00ab, erkl\u00e4rt F\u00f6\u00dfel. \u00bbDenn nur wenn die eine Disziplin um die Bedarfe, M\u00f6glichkeiten und Grenzen der Anderen Bescheid wei\u00df, kann guter Content gelingen.\u00ab<\/p>\n<p>Als Vorsitzender der Fernseh- und Kinotechnischen Gesellschaft FKTG, SMPTE Fellow und Senior Member der IEEE begreift er sich als Innovationstreiber, um die Branche zusammen mit den Medienunternehmen f\u00fcr die Zukunft aufzustellen. Mit dem Erfolg einer bayernweiten Ausschreibung f\u00fcr eine KI-Professur an der HFF setzt er konsequent diesen Blick nach vorn f\u00fcr das Fortbestehen und die Weiterentwicklung der Medienlandschaft in Bayern und Deutschland auch im internationalen Kontext fort.<\/p>\n<p>\u00bbWir brauchen als Filmhochschule gerade im schnellen Wandel der Film- und Medienbranche einen sachverst\u00e4ndigen und ebenso offenen wie pr\u00fcfenden Blick f\u00fcr neue Entwicklungen, die wir in unsere Lehrangebote integrieren\u00ab, unterstreicht HFF-Pr\u00e4sidentin Prof. Bettina Reitz die Wahl von F\u00f6\u00dfel als neuen Honorarprofessor.<\/p>\n<p>Titelbild <span class=\"figure-meta text-copyright\">\u00a9 Fraunhofer IIS\/Karoline Glasow<\/span><\/p>\n<\/div>\n<\/div>\n","protected":false},"excerpt":{"rendered":"<p>Die Digitalisierung der Medien ist sein Thema. Am Fraunhofer-Institut f\u00fcr Integrierte Schaltungen leitet Dr. Siegfried F\u00f6\u00dfel die Abteilung Bewegtbildtechnologien und an der Hochschule f\u00fcr Film und Fernsehen in M\u00fcnchen vermittelt er sein Wissen an Studierende. Nun hat die Hochschule den Bewegtbild-Experten zum Honorarprofessor ernannt. Seine Aufgabe: Neue technische Entwicklungen in das Lehrangebot integrieren.<\/p>\n","protected":false},"author":14,"featured_media":6334,"comment_status":"closed","ping_status":"open","sticky":false,"template":"","format":"standard","meta":{"footnotes":""},"categories":[116],"tags":[369],"class_list":["post-6327","post","type-post","status-publish","format-standard","has-post-thumbnail","hentry","category-menschen","tag-bewegtbildtechnologien"],"_links":{"self":[{"href":"https:\/\/www.audioblog.iis.fraunhofer.com\/de\/wp-json\/wp\/v2\/posts\/6327"}],"collection":[{"href":"https:\/\/www.audioblog.iis.fraunhofer.com\/de\/wp-json\/wp\/v2\/posts"}],"about":[{"href":"https:\/\/www.audioblog.iis.fraunhofer.com\/de\/wp-json\/wp\/v2\/types\/post"}],"author":[{"embeddable":true,"href":"https:\/\/www.audioblog.iis.fraunhofer.com\/de\/wp-json\/wp\/v2\/users\/14"}],"replies":[{"embeddable":true,"href":"https:\/\/www.audioblog.iis.fraunhofer.com\/de\/wp-json\/wp\/v2\/comments?post=6327"}],"version-history":[{"count":3,"href":"https:\/\/www.audioblog.iis.fraunhofer.com\/de\/wp-json\/wp\/v2\/posts\/6327\/revisions"}],"predecessor-version":[{"id":6336,"href":"https:\/\/www.audioblog.iis.fraunhofer.com\/de\/wp-json\/wp\/v2\/posts\/6327\/revisions\/6336"}],"wp:featuredmedia":[{"embeddable":true,"href":"https:\/\/www.audioblog.iis.fraunhofer.com\/de\/wp-json\/wp\/v2\/media\/6334"}],"wp:attachment":[{"href":"https:\/\/www.audioblog.iis.fraunhofer.com\/de\/wp-json\/wp\/v2\/media?parent=6327"}],"wp:term":[{"taxonomy":"category","embeddable":true,"href":"https:\/\/www.audioblog.iis.fraunhofer.com\/de\/wp-json\/wp\/v2\/categories?post=6327"},{"taxonomy":"post_tag","embeddable":true,"href":"https:\/\/www.audioblog.iis.fraunhofer.com\/de\/wp-json\/wp\/v2\/tags?post=6327"}],"curies":[{"name":"wp","href":"https:\/\/api.w.org\/{rel}","templated":true}]}}