{"id":5686,"date":"2020-03-23T09:00:34","date_gmt":"2020-03-23T07:00:34","guid":{"rendered":"https:\/\/websites.fraunhofer.de\/audioblog\/?p=5686"},"modified":"2020-03-23T10:47:10","modified_gmt":"2020-03-23T08:47:10","slug":"mevo-start-uphear-spatial-audio-microphone-processing","status":"publish","type":"post","link":"https:\/\/www.audioblog.iis.fraunhofer.com\/de\/mevo-start-uphear-spatial-audio-microphone-processing","title":{"rendered":"Mevo-Kamera erm\u00f6glicht Livestreaming in bester Audioqualit\u00e4t dank Fraunhofer-Technologie"},"content":{"rendered":"<p><strong>Fraunhofer upHear Spatial Audio Microphone Processing sorgt f\u00fcr hochwertige Tonaufnahmen \u2013 egal an welchem Ort.<\/strong><\/p>\n<p><!--more--><\/p>\n<p>Die Streaming-Kameras von Mevo erm\u00f6glichen unkompliziertes Livestreaming auf zahlreichen Plattformen. Damit die Aufnahmen bestm\u00f6gliche Audioqualit\u00e4t liefern, steckt in der neuen \u201eMevo Start\u201c-Kamera mit mehreren Aufnahmemodi das <a href=\"https:\/\/www.iis.fraunhofer.de\/de\/ff\/amm\/unterhaltungselektronik\/uphear-microphone.html\" target=\"_blank\" rel=\"noopener noreferrer\">upHear Spatial Audio Microphone Processing<\/a> des Fraunhofer IIS, das im Konzertmodus f\u00fcr eine eindrucksvolle r\u00e4umliche Wiedergabe sorgt und im Sprachmodus durch eine effektive Ger\u00e4uschreduzierung die Sprachverst\u00e4ndlichkeit verbessert.<\/p>\n<p><strong>Auf die Aufnahmesituation zugeschnitten<\/strong><\/p>\n<p>F\u00fcr Interviews und Livestreaming von zu Hause aus ist der Sprachmodus der Mevo Start die Einstellung der Wahl: Kameras ohne Processing nehmen den kompletten Raum auf, dabei kann die Sprachverst\u00e4ndlichkeit unter Hall und Rauschen leiden \u2013 insbesondere, wenn die User sich von der Kamera entfernen. Daher extrahiert die Mevo Start im Sprachmodus dank upHear die gew\u00fcnschte Sprachaufnahme und unterdr\u00fcckt andere Ger\u00e4usche, so dass die Verst\u00e4ndlichkeit jederzeit gut bleibt.<\/p>\n<p>Der Konzertmodus erlaubt es, bei Live-Events immersive Audioerlebnisse einzufangen. Aufgrund der kompakten Mikrofon-Anordnung, die eine Kamera dieser Gr\u00f6\u00dfe \u2013 sie misst lediglich 3,4 x 7,5 x 8,7 cm \u2013 erfordert, w\u00e4re das Stereo-Bild in diesem Modus ohne Processing extrem klein, die Zuh\u00f6rer h\u00e4tten also keinen optimalen r\u00e4umlichen Eindruck. Der Einsatz der Fraunhofer upHear Spatial Audio Microphone Processing-Technologie leistet hier Abhilfe und sorgt f\u00fcr guten r\u00e4umlichen Stereoklang.<\/p>\n<p>Um die Technologie f\u00fcr die Mevo Start zu optimieren, wurden die Fraunhofer-Ingenieure bereits fr\u00fch in die Entwicklung der Kamera einbezogen. Dadurch konnten sie wertvolle Hilfestellung leisten, etwa bei der Frage, an welchen Stellen die Mikrofone genau verbaut werden sollten.<\/p>\n<p>Die Mevo Start Streaming-Kamera ist ab April im Handel erh\u00e4ltlich und kann bereits jetzt vorbestellt werden: https:\/\/mevo.com\/mevo-start\/<\/p>\n<p>Titelbild: Manuela Wamser &#8211; Fraunhofer IIS<\/p>\n","protected":false},"excerpt":{"rendered":"<p>Fraunhofer upHear Spatial Audio Microphone Processing sorgt f\u00fcr hochwertige Tonaufnahmen \u2013 egal an welchem Ort.<\/p>\n","protected":false},"author":14,"featured_media":5678,"comment_status":"closed","ping_status":"open","sticky":false,"template":"","format":"standard","meta":{"footnotes":""},"categories":[111],"tags":[397,375],"class_list":["post-5686","post","type-post","status-publish","format-standard","has-post-thumbnail","hentry","category-produkte-technologien","tag-spatial-audio-microphone-processing-de","tag-uphear-de"],"_links":{"self":[{"href":"https:\/\/www.audioblog.iis.fraunhofer.com\/de\/wp-json\/wp\/v2\/posts\/5686"}],"collection":[{"href":"https:\/\/www.audioblog.iis.fraunhofer.com\/de\/wp-json\/wp\/v2\/posts"}],"about":[{"href":"https:\/\/www.audioblog.iis.fraunhofer.com\/de\/wp-json\/wp\/v2\/types\/post"}],"author":[{"embeddable":true,"href":"https:\/\/www.audioblog.iis.fraunhofer.com\/de\/wp-json\/wp\/v2\/users\/14"}],"replies":[{"embeddable":true,"href":"https:\/\/www.audioblog.iis.fraunhofer.com\/de\/wp-json\/wp\/v2\/comments?post=5686"}],"version-history":[{"count":6,"href":"https:\/\/www.audioblog.iis.fraunhofer.com\/de\/wp-json\/wp\/v2\/posts\/5686\/revisions"}],"predecessor-version":[{"id":5692,"href":"https:\/\/www.audioblog.iis.fraunhofer.com\/de\/wp-json\/wp\/v2\/posts\/5686\/revisions\/5692"}],"wp:featuredmedia":[{"embeddable":true,"href":"https:\/\/www.audioblog.iis.fraunhofer.com\/de\/wp-json\/wp\/v2\/media\/5678"}],"wp:attachment":[{"href":"https:\/\/www.audioblog.iis.fraunhofer.com\/de\/wp-json\/wp\/v2\/media?parent=5686"}],"wp:term":[{"taxonomy":"category","embeddable":true,"href":"https:\/\/www.audioblog.iis.fraunhofer.com\/de\/wp-json\/wp\/v2\/categories?post=5686"},{"taxonomy":"post_tag","embeddable":true,"href":"https:\/\/www.audioblog.iis.fraunhofer.com\/de\/wp-json\/wp\/v2\/tags?post=5686"}],"curies":[{"name":"wp","href":"https:\/\/api.w.org\/{rel}","templated":true}]}}