{"id":2711,"date":"2014-08-28T12:00:29","date_gmt":"2014-08-28T10:00:29","guid":{"rendered":"https:\/\/websites.fraunhofer.de\/iis_audioblog?p=2711"},"modified":"2020-01-03T19:39:20","modified_gmt":"2020-01-03T17:39:20","slug":"dafx","status":"publish","type":"post","link":"https:\/\/www.audioblog.iis.fraunhofer.com\/de\/dafx","title":{"rendered":"Internationale Fachwelt trifft sich erstmals zu renommierter Audio-Konferenz DAFx in Erlangen"},"content":{"rendered":"<p>Vom 1. bis 5. September 2014 laden die International Audio Laboratories Erlangen, das Fraunhofer-Institut f\u00fcr Integrierte Schaltungen IIS sowie die Friedrich-Alexander-Universit\u00e4t Erlangen-N\u00fcrnberg zur internationalen Fachkonferenz \u00bbDigital Audio Effects\u00ab (DAFx) nach Erlangen ein. Die Tagung bietet ein erstklassiges Forum f\u00fcr Experten der digitalen Audiosignalverarbeitung und verspricht umfassende Einblicke in Theorie und Praxis.<br \/>\n<!--more--><br \/>\nDie Teilnehmerinnen und Teilnehmer erwartet zur 17. Ausgabe der j\u00e4hrlich stattfindenden Konferenz eine interessante und abwechslungsreiche Mischung an Themen: F\u00fcnf Tage lang diskutieren und referieren Experten aus Forschung, Entwicklung und Industrie gemeinsam mit Studierenden und Audiointeressierten \u00fcber Musiksignal- und Sprachverarbeitung, Audioeffekt-Algorithmen und geh\u00f6rangepasste Audiocodierung, Raumklangverfahren sowie die physikalische Modellierung von Kl\u00e4ngen.<\/p>\n<p>Theorie und Praxis erg\u00e4nzen sich w\u00e4hrend der Veranstaltung am Fraunhofer IIS sowie an der Friedrich-Alexander-Universit\u00e4t Erlangen-N\u00fcrnberg optimal: So werden neben der wissenschaftlichen Pr\u00e4sentation aktueller Forschungsergebnisse im Rahmen von Postersessions und Vortr\u00e4gen auch praxisorientierte Workshops, Seminare und Live-Demonstrationen den Teilnehmerinnen und Teilnehmern tiefgehende Einblicke in die Arbeiten des Fraunhofer IIS und den International Audio Laboratories Erlangen erm\u00f6glichen.<\/p>\n<p>\u00bbDa der Standort Erlangen mit dem Fraunhofer IIS und den International Audio Laboratories Erlangen heute als eine der wichtigsten internationalen Adressen f\u00fcr Audiosignalverarbeitung und -codierung gilt, war es unser Anliegen, die Audiogemeinschaft nach Erlangen einzuladen und die etablierte Tagung hier auszurichten. Dies er\u00f6ffnet uns die einmalige M\u00f6glichkeit, direkt vor Ort unser Know-how und unsere neuesten Erkenntnisse zu pr\u00e4sentieren und sich in fachlich inspirierender Atmosph\u00e4re mit anerkannten Toningenieuren und Akustikexperten aus aller Welt auszutauschen\u00ab, so Dr. Sascha Disch \u00fcber den Hintergrund f\u00fcr die Wahl des Konferenzorts Erlangen. Gemeinsam mit Prof. J\u00fcrgen Herre (International Audio Laboratories Erlangen) sowie Prof. Rudolf Rabenstein (Friedrich-Alexander-Universit\u00e4t Erlangen-N\u00fcrnberg) leitet Dr. Sascha Disch (Fraunhofer IIS) das DAFx-14 Konferenzkomitee und wird dabei von Prof. Bernd Edler, Prof. Meinard M\u00fcller und Dr. Stefan Turowski von den International Audio Laboratories Erlangen unterst\u00fctzt.<\/p>\n<p>N\u00e4here Informationen zur DAFx und zum Programm sind auf der Konferenzwebseite erh\u00e4ltlich: www.dafx14.fau.de.<\/p>\n<p>Eine Anmeldung zur Teilnahme an der Veranstaltung ist noch bis zum 1. September 2014 m\u00f6glich. Die Veranstaltung steht f\u00fcr alle am Thema digitale Audiosignalverarbeitung aus den Bereichen Musik, Sprache und Akustik Interessierten offen.<\/p>\n<p>Titelbild: \u00a9 Sascha Disch &#8211; Fraunhofer IIS<\/p>\n","protected":false},"excerpt":{"rendered":"<p>Vom 1. bis 5. September 2014 laden die International Audio Laboratories Erlangen, das Fraunhofer-Institut f\u00fcr Integrierte Schaltungen IIS sowie die Friedrich-Alexander-Universit\u00e4t Erlangen-N\u00fcrnberg zur internationalen Fachkonferenz \u00bbDigital Audio Effects\u00ab (DAFx) nach Erlangen ein. Die Tagung bietet ein erstklassiges Forum f\u00fcr Experten der digitalen Audiosignalverarbeitung und verspricht umfassende Einblicke in Theorie und Praxis.<\/p>\n","protected":false},"author":2,"featured_media":1668,"comment_status":"closed","ping_status":"open","sticky":false,"template":"","format":"standard","meta":{"footnotes":""},"categories":[110],"tags":[367],"class_list":["post-2711","post","type-post","status-publish","format-standard","has-post-thumbnail","hentry","category-veranstaltungen-messen","tag-audiolabs-de"],"_links":{"self":[{"href":"https:\/\/www.audioblog.iis.fraunhofer.com\/de\/wp-json\/wp\/v2\/posts\/2711"}],"collection":[{"href":"https:\/\/www.audioblog.iis.fraunhofer.com\/de\/wp-json\/wp\/v2\/posts"}],"about":[{"href":"https:\/\/www.audioblog.iis.fraunhofer.com\/de\/wp-json\/wp\/v2\/types\/post"}],"author":[{"embeddable":true,"href":"https:\/\/www.audioblog.iis.fraunhofer.com\/de\/wp-json\/wp\/v2\/users\/2"}],"replies":[{"embeddable":true,"href":"https:\/\/www.audioblog.iis.fraunhofer.com\/de\/wp-json\/wp\/v2\/comments?post=2711"}],"version-history":[{"count":2,"href":"https:\/\/www.audioblog.iis.fraunhofer.com\/de\/wp-json\/wp\/v2\/posts\/2711\/revisions"}],"predecessor-version":[{"id":5537,"href":"https:\/\/www.audioblog.iis.fraunhofer.com\/de\/wp-json\/wp\/v2\/posts\/2711\/revisions\/5537"}],"wp:featuredmedia":[{"embeddable":true,"href":"https:\/\/www.audioblog.iis.fraunhofer.com\/de\/wp-json\/wp\/v2\/media\/1668"}],"wp:attachment":[{"href":"https:\/\/www.audioblog.iis.fraunhofer.com\/de\/wp-json\/wp\/v2\/media?parent=2711"}],"wp:term":[{"taxonomy":"category","embeddable":true,"href":"https:\/\/www.audioblog.iis.fraunhofer.com\/de\/wp-json\/wp\/v2\/categories?post=2711"},{"taxonomy":"post_tag","embeddable":true,"href":"https:\/\/www.audioblog.iis.fraunhofer.com\/de\/wp-json\/wp\/v2\/tags?post=2711"}],"curies":[{"name":"wp","href":"https:\/\/api.w.org\/{rel}","templated":true}]}}