{"id":2685,"date":"2014-11-27T10:00:41","date_gmt":"2014-11-27T08:00:41","guid":{"rendered":"https:\/\/websites.fraunhofer.de\/iis_audioblog?p=2685"},"modified":"2020-01-03T19:31:06","modified_gmt":"2020-01-03T17:31:06","slug":"imtc-leadership-award-geht-an-mp3-mitentwickler","status":"publish","type":"post","link":"https:\/\/www.audioblog.iis.fraunhofer.com\/de\/imtc-leadership-award-geht-an-mp3-mitentwickler","title":{"rendered":"IMTC Leadership Award geht an mp3-Mitentwickler"},"content":{"rendered":"<p>Prof. Dr. Bernd Edler und Prof. Dr. Karlheinz Brandenburg haben mit ihren wegweisenden Beitr\u00e4gen im Bereich der Audiocodierung wichtige Meilensteine zur Entwicklung und erfolgreichen Standardisierung des mp3-Formats und damit bedeutende Weichen f\u00fcr die Weiterentwicklung von Audiocodierverfahren der Zukunft gelegt.<\/p>\n<p>Bernd Edler, der den Preis in Redmond, USA, entgegennahm, ist \u00fcber die Auszeichnung hoch erfreut: \u00bbEs ist eine besondere Ehre f\u00fcr mich, mit dem Award bedacht worden zu sein. Auch nach all den Jahren ist es noch immer kaum zu glauben, Teil einer so bahnbrechenden Technologie zu sein, die unseren Alltag im digitalen Zeitalter so nachhaltig beeinflusst hat. Ohne Audiocodecs, wie mp3 oder AAC, w\u00e4ren heutige Rundfunk- oder Kommunikationsanwendungen einfach nicht vorstellbar\u00ab.<\/p>\n<p>Karlheinz Brandenburg erinnert der Preis an eine der fr\u00fchen Phasen in der Entwicklung der Audiocodierung: \u00bbOCF* war schon ganz gut, aber der Einbau der Modifizierten Diskreten Kosinustransformation (MDCT) hat einen richtigen Schub gebracht. Ich freue mich, dass der Preis unsere fr\u00fche Phase der Zusammenarbeit auszeichnet\u00ab.<\/p>\n<h2><strong>\u00dcber das IMTC und den IMTC Leadership Award<\/strong><\/h2>\n<p>Das IMTC ist eine gemeinn\u00fctzige Organisation bestehend aus internationalen Unternehmen mit dem Ziel, die Entwicklung und den Nutzen von Produkten und Services aus dem Multimedia-Telekommunikationsbereich basierend auf offenen internationalen Standards zu f\u00f6rdern.<\/p>\n<p>Mit dem IMTC Leadership Award werden wissenschaftliche Arbeiten und ihr Einfluss auf die Multimedia-Industrie und die Standardisierung weltweiter Formate gew\u00fcrdigt.<\/p>\n<p>Hier erfahren Sie mehr zur <a title=\"Entwicklung des mp3-Formats\" href=\"http:\/\/www.mp3-geschichte.de\" target=\"_blank\" rel=\"noopener noreferrer\">Entwicklung des mp3-Formats<\/a>.<\/p>\n<p>Titelbild: \u00a9 Valentin Schilling &#8211; Fraunhofer IIS<\/p>\n<p>_____________________<\/p>\n<p>*Optimum Coding in the Frequency Domain<\/p>\n<style type=\"text\/css\">.envirabox-title-outside-wrap {background-color: #000 !important;border-radius: 4px !important;padding-left: 5px !important;}<\/style><div id=\"envira-gallery-wrap-859\" class=\"envira-default-gallery envira-gallery-wrap envira-lazy-loading-enabled envira-layout-mason envira-gallery-theme-base\" itemscope itemtype=\"https:\/\/schema.org\/ImageGallery\"><div class=\"envira-loader\"><div><\/div><div><\/div><div><\/div><div><\/div><\/div><div id=\"envira-gallery-859\" class=\"envira-gallery-public envira-gallery-3-columns envira-clear enviratope\" data-envira-id=\"859\" data-gallery-config='{\"type\":\"default\",\"columns\":\"3\",\"gallery_theme\":\"base\",\"gutter\":10,\"margin\":10,\"image_size\":\"default\",\"crop_width\":190,\"crop_height\":190,\"crop\":1,\"description_position\":\"0\",\"description\":\"\",\"random\":\"0\",\"sorting_direction\":\"ASC\",\"image_sizes_random\":[],\"dimensions\":0,\"isotope\":true,\"css_animations\":1,\"css_opacity\":100,\"lightbox_enabled\":1,\"lightbox_theme\":\"base\",\"lightbox_image_size\":\"default\",\"title_display\":\"outside\",\"arrows\":1,\"arrows_position\":\"inside\",\"keyboard\":true,\"mousewheel\":1,\"aspect\":1,\"toolbar\":0,\"toolbar_title\":0,\"toolbar_position\":\"top\",\"loop\":1,\"lightbox_open_close_effect\":\"fade\",\"effect\":\"fade\",\"html5\":0,\"thumbnails\":1,\"thumbnails_width\":150,\"thumbnails_height\":150,\"thumbnails_position\":\"bottom\",\"mobile_columns\":\"1\",\"mobile\":1,\"mobile_width\":320,\"mobile_height\":240,\"mobile_lightbox\":1,\"mobile_touchwipe\":1,\"mobile_touchwipe_close\":0,\"mobile_arrows\":1,\"mobile_toolbar\":1,\"mobile_thumbnails\":1,\"classes\":[\"envira-default-gallery\"],\"rtl\":0,\"title\":\"IMTC Leadership award\",\"slug\":\"imtc-leadership-award\",\"custom_css\":\".envirabox-title-outside-wrap {\\r\\nbackground-color: #000 !important;\\r\\nborder-radius: 4px !important;\\r\\npadding-left: 5px !important;\\r\\n}\",\"videos_play_icon\":0,\"videos_autoplay\":0,\"videos_playpause\":1,\"videos_progress\":1,\"videos_current\":1,\"videos_duration\":1,\"videos_volume\":1,\"justified_margins\":1,\"justified_last_row\":\"nojustify\",\"lazy_loading\":1,\"lazy_loading_delay\":500,\"crop_position\":\"c\",\"additional_copy_0\":0,\"additional_copy_title\":0,\"additional_copy_caption\":0,\"additional_copy_0_mobile\":0,\"additional_copy_title_mobile\":0,\"additional_copy_caption_mobile\":0,\"additional_copy_automatic_0\":0,\"additional_copy_automatic_title\":1,\"additional_copy_automatic_caption\":1,\"additional_copy_automatic_0_mobile\":0,\"additional_copy_automatic_title_mobile\":1,\"additional_copy_automatic_caption_mobile\":1,\"justified_row_height\":150,\"sort_order\":\"0\",\"gallery_link_enabled\":1,\"lightbox_title_caption\":\"title\",\"supersize\":0,\"thumbnails_toggle\":0,\"thumbnails_hide\":0,\"image_counter\":0,\"thumbnails_custom_size\":1,\"mobile_gallery_link_enabled\":0,\"mobile_thumbnails_width\":75,\"mobile_thumbnails_height\":240,\"mobile_justified_row_height\":80,\"videos_play_icon_thumbnails\":0,\"videos_enlarge\":0,\"videos_controls\":1,\"videos_fullscreen\":1,\"videos_download\":1,\"layout\":\"mason\",\"gallery_id\":\"859\"}' data-gallery-images='[{\"status\":\"active\",\"src\":\"https:\\\/\\\/www.audioblog.iis.fraunhofer.com\\\/wp-content\\\/uploads\\\/2014\\\/11\\\/IMTC_Award_I.jpg\",\"title\":\"IMTC Award | &copy;Fraunhofer IIS\\\/Valentin Schilling\",\"link\":\"https:\\\/\\\/www.audioblog.iis.fraunhofer.com\\\/wp-content\\\/uploads\\\/2014\\\/11\\\/IMTC_Award_I.jpg\",\"alt\":\"Bernd Edler is delighted by the IMTC&rsquo;s recognition. &copy;Fraunhofer IIS\\\/Valentin Schilling\",\"caption\":\"IMTC Award | &copy;Fraunhofer IIS\\\/Valentin Schilling\",\"thumb\":\"https:\\\/\\\/www.audioblog.iis.fraunhofer.com\\\/wp-content\\\/uploads\\\/2014\\\/11\\\/IMTC_Award_I-150x150_c.jpg\",\"meta\":{\"aperture\":\"4\",\"credit\":\"Valentin Schilling\",\"camera\":\"NIKON D600\",\"caption\":\"\",\"created_timestamp\":\"1414144905\",\"copyright\":\"Valentin Schilling\",\"focal_length\":\"50\",\"iso\":\"100\",\"shutter_speed\":\"0.00625\",\"title\":\"\",\"orientation\":\"1\",\"resized_images\":null},\"thumbnail\":\"https:\\\/\\\/www.audioblog.iis.fraunhofer.com\\\/wp-content\\\/uploads\\\/2014\\\/11\\\/IMTC_Award_I-150x150.jpg\",\"medium\":\"https:\\\/\\\/www.audioblog.iis.fraunhofer.com\\\/wp-content\\\/uploads\\\/2014\\\/11\\\/IMTC_Award_I-200x300.jpg\",\"medium_large\":\"https:\\\/\\\/www.audioblog.iis.fraunhofer.com\\\/wp-content\\\/uploads\\\/2014\\\/11\\\/IMTC_Award_I.jpg\",\"large\":\"https:\\\/\\\/www.audioblog.iis.fraunhofer.com\\\/wp-content\\\/uploads\\\/2014\\\/11\\\/IMTC_Award_I.jpg\",\"1536x1536\":\"https:\\\/\\\/www.audioblog.iis.fraunhofer.com\\\/wp-content\\\/uploads\\\/2014\\\/11\\\/IMTC_Award_I.jpg\",\"2048x2048\":\"https:\\\/\\\/www.audioblog.iis.fraunhofer.com\\\/wp-content\\\/uploads\\\/2014\\\/11\\\/IMTC_Award_I.jpg\",\"gridlove-a4\":\"https:\\\/\\\/www.audioblog.iis.fraunhofer.com\\\/wp-content\\\/uploads\\\/2014\\\/11\\\/IMTC_Award_I.jpg\",\"gridlove-a4-orig\":\"https:\\\/\\\/www.audioblog.iis.fraunhofer.com\\\/wp-content\\\/uploads\\\/2014\\\/11\\\/IMTC_Award_I.jpg\",\"gridlove-b6\":\"https:\\\/\\\/www.audioblog.iis.fraunhofer.com\\\/wp-content\\\/uploads\\\/2014\\\/11\\\/IMTC_Award_I.jpg\",\"gridlove-b7\":\"https:\\\/\\\/www.audioblog.iis.fraunhofer.com\\\/wp-content\\\/uploads\\\/2014\\\/11\\\/IMTC_Award_I.jpg\",\"gridlove-b8\":\"https:\\\/\\\/www.audioblog.iis.fraunhofer.com\\\/wp-content\\\/uploads\\\/2014\\\/11\\\/IMTC_Award_I.jpg\",\"gridlove-b9\":\"https:\\\/\\\/www.audioblog.iis.fraunhofer.com\\\/wp-content\\\/uploads\\\/2014\\\/11\\\/IMTC_Award_I.jpg\",\"gridlove-b12\":\"https:\\\/\\\/www.audioblog.iis.fraunhofer.com\\\/wp-content\\\/uploads\\\/2014\\\/11\\\/IMTC_Award_I.jpg\",\"gridlove-d3\":\"https:\\\/\\\/www.audioblog.iis.fraunhofer.com\\\/wp-content\\\/uploads\\\/2014\\\/11\\\/IMTC_Award_I.jpg\",\"gridlove-d3-orig\":\"https:\\\/\\\/www.audioblog.iis.fraunhofer.com\\\/wp-content\\\/uploads\\\/2014\\\/11\\\/IMTC_Award_I.jpg\",\"gridlove-d4\":\"https:\\\/\\\/www.audioblog.iis.fraunhofer.com\\\/wp-content\\\/uploads\\\/2014\\\/11\\\/IMTC_Award_I.jpg\",\"gridlove-d4-orig\":\"https:\\\/\\\/www.audioblog.iis.fraunhofer.com\\\/wp-content\\\/uploads\\\/2014\\\/11\\\/IMTC_Award_I.jpg\",\"gridlove-d5\":\"https:\\\/\\\/www.audioblog.iis.fraunhofer.com\\\/wp-content\\\/uploads\\\/2014\\\/11\\\/IMTC_Award_I.jpg\",\"gridlove-d6\":\"https:\\\/\\\/www.audioblog.iis.fraunhofer.com\\\/wp-content\\\/uploads\\\/2014\\\/11\\\/IMTC_Award_I.jpg\",\"gridlove-cover\":\"https:\\\/\\\/www.audioblog.iis.fraunhofer.com\\\/wp-content\\\/uploads\\\/2014\\\/11\\\/IMTC_Award_I.jpg\",\"gridlove-single\":\"https:\\\/\\\/www.audioblog.iis.fraunhofer.com\\\/wp-content\\\/uploads\\\/2014\\\/11\\\/IMTC_Award_I.jpg\",\"gridlove-thumbnail\":\"https:\\\/\\\/www.audioblog.iis.fraunhofer.com\\\/wp-content\\\/uploads\\\/2014\\\/11\\\/IMTC_Award_I.jpg\",\"full\":\"https:\\\/\\\/www.audioblog.iis.fraunhofer.com\\\/wp-content\\\/uploads\\\/2014\\\/11\\\/IMTC_Award_I.jpg\",\"index\":0,\"id\":301,\"video\":false,\"opts\":{\"caption\":\"IMTC Award | &copy;Fraunhofer IIS\\\/Valentin Schilling\",\"thumb\":\"https:\\\/\\\/www.audioblog.iis.fraunhofer.com\\\/wp-content\\\/uploads\\\/2014\\\/11\\\/IMTC_Award_I-150x150_c.jpg\",\"title\":\"IMTC Award | &copy;Fraunhofer IIS\\\/Valentin Schilling\"},\"gallery_id\":\"859\"},{\"status\":\"active\",\"src\":\"https:\\\/\\\/www.audioblog.iis.fraunhofer.com\\\/wp-content\\\/uploads\\\/2014\\\/11\\\/IMTC_Award_II.jpg\",\"title\":\"IMTC Award | &copy;Fraunhofer IIS\\\/Valentin Schilling\",\"link\":\"https:\\\/\\\/www.audioblog.iis.fraunhofer.com\\\/wp-content\\\/uploads\\\/2014\\\/11\\\/IMTC_Award_II.jpg\",\"alt\":\"The Leadership Award by the International Multimedia Telecommunications Consortium (IMTC) | &copy;Fraunhofer IIS\\\/Valentin Schilling\",\"caption\":\"IMTC Award | &copy;Fraunhofer IIS\\\/Valentin Schilling\",\"thumb\":\"https:\\\/\\\/www.audioblog.iis.fraunhofer.com\\\/wp-content\\\/uploads\\\/2014\\\/11\\\/IMTC_Award_II-150x150_c.jpg\",\"meta\":{\"aperture\":\"7.1\",\"credit\":\"Valentin Schilling\",\"camera\":\"NIKON D600\",\"caption\":\"\",\"created_timestamp\":\"1414146403\",\"copyright\":\"Valentin Schilling\",\"focal_length\":\"90\",\"iso\":\"100\",\"shutter_speed\":\"0.00625\",\"title\":\"\",\"orientation\":\"1\",\"resized_images\":null},\"thumbnail\":\"https:\\\/\\\/www.audioblog.iis.fraunhofer.com\\\/wp-content\\\/uploads\\\/2014\\\/11\\\/IMTC_Award_II-150x150.jpg\",\"medium\":\"https:\\\/\\\/www.audioblog.iis.fraunhofer.com\\\/wp-content\\\/uploads\\\/2014\\\/11\\\/IMTC_Award_II-200x300.jpg\",\"medium_large\":\"https:\\\/\\\/www.audioblog.iis.fraunhofer.com\\\/wp-content\\\/uploads\\\/2014\\\/11\\\/IMTC_Award_II.jpg\",\"large\":\"https:\\\/\\\/www.audioblog.iis.fraunhofer.com\\\/wp-content\\\/uploads\\\/2014\\\/11\\\/IMTC_Award_II.jpg\",\"1536x1536\":\"https:\\\/\\\/www.audioblog.iis.fraunhofer.com\\\/wp-content\\\/uploads\\\/2014\\\/11\\\/IMTC_Award_II.jpg\",\"2048x2048\":\"https:\\\/\\\/www.audioblog.iis.fraunhofer.com\\\/wp-content\\\/uploads\\\/2014\\\/11\\\/IMTC_Award_II.jpg\",\"gridlove-a4\":\"https:\\\/\\\/www.audioblog.iis.fraunhofer.com\\\/wp-content\\\/uploads\\\/2014\\\/11\\\/IMTC_Award_II.jpg\",\"gridlove-a4-orig\":\"https:\\\/\\\/www.audioblog.iis.fraunhofer.com\\\/wp-content\\\/uploads\\\/2014\\\/11\\\/IMTC_Award_II.jpg\",\"gridlove-b6\":\"https:\\\/\\\/www.audioblog.iis.fraunhofer.com\\\/wp-content\\\/uploads\\\/2014\\\/11\\\/IMTC_Award_II.jpg\",\"gridlove-b7\":\"https:\\\/\\\/www.audioblog.iis.fraunhofer.com\\\/wp-content\\\/uploads\\\/2014\\\/11\\\/IMTC_Award_II.jpg\",\"gridlove-b8\":\"https:\\\/\\\/www.audioblog.iis.fraunhofer.com\\\/wp-content\\\/uploads\\\/2014\\\/11\\\/IMTC_Award_II.jpg\",\"gridlove-b9\":\"https:\\\/\\\/www.audioblog.iis.fraunhofer.com\\\/wp-content\\\/uploads\\\/2014\\\/11\\\/IMTC_Award_II.jpg\",\"gridlove-b12\":\"https:\\\/\\\/www.audioblog.iis.fraunhofer.com\\\/wp-content\\\/uploads\\\/2014\\\/11\\\/IMTC_Award_II.jpg\",\"gridlove-d3\":\"https:\\\/\\\/www.audioblog.iis.fraunhofer.com\\\/wp-content\\\/uploads\\\/2014\\\/11\\\/IMTC_Award_II.jpg\",\"gridlove-d3-orig\":\"https:\\\/\\\/www.audioblog.iis.fraunhofer.com\\\/wp-content\\\/uploads\\\/2014\\\/11\\\/IMTC_Award_II.jpg\",\"gridlove-d4\":\"https:\\\/\\\/www.audioblog.iis.fraunhofer.com\\\/wp-content\\\/uploads\\\/2014\\\/11\\\/IMTC_Award_II.jpg\",\"gridlove-d4-orig\":\"https:\\\/\\\/www.audioblog.iis.fraunhofer.com\\\/wp-content\\\/uploads\\\/2014\\\/11\\\/IMTC_Award_II.jpg\",\"gridlove-d5\":\"https:\\\/\\\/www.audioblog.iis.fraunhofer.com\\\/wp-content\\\/uploads\\\/2014\\\/11\\\/IMTC_Award_II.jpg\",\"gridlove-d6\":\"https:\\\/\\\/www.audioblog.iis.fraunhofer.com\\\/wp-content\\\/uploads\\\/2014\\\/11\\\/IMTC_Award_II.jpg\",\"gridlove-cover\":\"https:\\\/\\\/www.audioblog.iis.fraunhofer.com\\\/wp-content\\\/uploads\\\/2014\\\/11\\\/IMTC_Award_II.jpg\",\"gridlove-single\":\"https:\\\/\\\/www.audioblog.iis.fraunhofer.com\\\/wp-content\\\/uploads\\\/2014\\\/11\\\/IMTC_Award_II.jpg\",\"gridlove-thumbnail\":\"https:\\\/\\\/www.audioblog.iis.fraunhofer.com\\\/wp-content\\\/uploads\\\/2014\\\/11\\\/IMTC_Award_II.jpg\",\"full\":\"https:\\\/\\\/www.audioblog.iis.fraunhofer.com\\\/wp-content\\\/uploads\\\/2014\\\/11\\\/IMTC_Award_II.jpg\",\"index\":1,\"id\":302,\"video\":false,\"opts\":{\"caption\":\"IMTC Award | &copy;Fraunhofer IIS\\\/Valentin Schilling\",\"thumb\":\"https:\\\/\\\/www.audioblog.iis.fraunhofer.com\\\/wp-content\\\/uploads\\\/2014\\\/11\\\/IMTC_Award_II-150x150_c.jpg\",\"title\":\"IMTC Award | &copy;Fraunhofer IIS\\\/Valentin Schilling\"},\"gallery_id\":\"859\"}]' data-lightbox-theme='{&quot;arrows&quot;:1,&quot;margins&quot;:[220,0],&quot;gutter&quot;:&quot;50&quot;,&quot;base_template&quot;:&quot;&lt;div id=\\&quot;envirabox-859\\&quot; data-envirabox-id=\\&quot;859\\&quot; class=\\&quot;envirabox-container envirabox-theme-base envirabox-wrap\\&quot; role=\\&quot;dialog\\&quot;&gt;&lt;div class=\\&quot;envirabox-bg\\&quot;&gt;&lt;\\\/div&gt;&lt;div class=\\&quot;envirabox-outer\\&quot;&gt;&lt;div class=\\&quot;envirabox-inner\\&quot;&gt;&lt;div class=\\&quot;envirabox-position-overlay envira-gallery-top-left\\&quot;&gt;&lt;\\\/div&gt;&lt;div class=\\&quot;envirabox-position-overlay envira-gallery-top-right\\&quot;&gt;&lt;\\\/div&gt;&lt;div class=\\&quot;envirabox-position-overlay envira-gallery-bottom-left\\&quot;&gt;&lt;\\\/div&gt;&lt;div class=\\&quot;envirabox-position-overlay envira-gallery-bottom-right\\&quot;&gt;&lt;\\\/div&gt;&lt;div class=\\&quot;envirabox-stage\\&quot;&gt;&lt;\\\/div&gt;&lt;\\\/div&gt;&lt;\\\/div&gt;&lt;\\\/div&gt;&quot;,&quot;load_all&quot;:false,&quot;error_template&quot;:&quot;&lt;div class=\\&quot;envirabox-error\\&quot;&gt;&lt;p&gt;{{ERROR}}&lt;p&gt;&lt;\\\/div&gt;&quot;,&quot;inner_caption&quot;:true,&quot;caption_position&quot;:&quot;outside&quot;,&quot;thumbs_position&quot;:&quot;bottom&quot;,&quot;arrow_position&quot;:&quot;inside&quot;,&quot;toolbar&quot;:false,&quot;infobar&quot;:true,&quot;show_smallbtn&quot;:true,&quot;idle_time&quot;:false,&quot;click_content&quot;:false,&quot;click_slide&quot;:false,&quot;click_outside&quot;:false,&quot;animation_duration&quot;:false,&quot;transition_duration&quot;:false,&quot;small_btn_template&quot;:&quot;&lt;a data-envirabox-close class=\\&quot;envirabox-item envirabox-close envirabox-button--close\\&quot; title=\\&quot;Close\\&quot; href=\\&quot;#\\&quot;&gt;&lt;\\\/a&gt;&quot;}' data-parsed-attrs='{\"id\":\"859\",\"cache\":true}'><div id=\"envira-gallery-item-301\" class=\"envira-gallery-item envira-gallery-item-1 envira-lazy-load enviratope-item\" style=\"padding-left: 5px; padding-bottom: 10px; padding-right: 5px;\"  itemscope itemtype=\"https:\/\/schema.org\/ImageObject\"><div class=\"envira-gallery-item-inner\"><div class=\"envira-gallery-position-overlay envira-gallery-top-left\"><\/div><div class=\"envira-gallery-position-overlay envira-gallery-top-right\"><\/div><div class=\"envira-gallery-position-overlay envira-gallery-bottom-left\"><\/div><div class=\"envira-gallery-position-overlay envira-gallery-bottom-right\"><\/div><a class=\"envira-gallery-859 envira-gallery-link\" href=\"https:\/\/www.audioblog.iis.fraunhofer.com\/wp-content\/uploads\/2014\/11\/IMTC_Award_I.jpg\" title=\"IMTC Award | \u00a9Fraunhofer IIS\/Valentin Schilling\" data-caption=\"IMTC Award | &copy;Fraunhofer IIS\/Valentin Schilling\" data-envira-item-id=\"301\" data-envira-retina=\"https:\/\/www.audioblog.iis.fraunhofer.com\/wp-content\/uploads\/2014\/11\/IMTC_Award_I.jpg\" data-thumb=\"https:\/\/www.audioblog.iis.fraunhofer.com\/wp-content\/uploads\/2014\/11\/IMTC_Award_I-150x150_c.jpg\" data-title=\"IMTC Award | &copy;Fraunhofer IIS\/Valentin Schilling\" data-envirabox='859' itemprop=\"contentUrl\"><div class=\"envira-lazy\" style=\"padding-bottom: 100%;\" data-envira-changed=\"false\" data-width=\"190\" data-height=\"190\"><img loading=\"lazy\" decoding=\"async\" src=\"https:\/\/www.audioblog.iis.fraunhofer.com\/wp-content\/uploads\/2014\/11\/IMTC_Award_I-190x190_c.jpg\" alt=\"Bernd Edler is delighted by the IMTC&rsquo;s recognition. &copy;Fraunhofer IIS\/Valentin Schilling\" class=\"envira-gallery-image envira-gallery-image-1    envira-lazy\" height=\"190\" id=\"envira-gallery-image-301\" srcset=\"data:image\/gif;base64,R0lGODlhAQABAIAAAP\/\/\/\/\/\/\/yH5BAEKAAEALAAAAAABAAEAAAICTAEAOw==\" tabindex=\"-1\" title=\"IMTC Award | \u00a9Fraunhofer IIS\/Valentin Schilling\" width=\"190\" data-caption=\"IMTC Award | &copy;Fraunhofer IIS\/Valentin Schilling\" data-envira-gallery-id=\"859\" data-envira-index=\"0\" data-envira-item-id=\"301\" data-envira-src=\"https:\/\/www.audioblog.iis.fraunhofer.com\/wp-content\/uploads\/2014\/11\/IMTC_Award_I-190x190_c.jpg\" data-envira-srcset=\"https:\/\/www.audioblog.iis.fraunhofer.com\/wp-content\/uploads\/2014\/11\/IMTC_Award_I-190x190_c.jpg 400w, https:\/\/www.audioblog.iis.fraunhofer.com\/wp-content\/uploads\/2014\/11\/IMTC_Award_I-190x190_c.jpg 2x\" data-title=\"IMTC Award | &copy;Fraunhofer IIS\/Valentin Schilling\" itemprop=\"thumbnailUrl\"  data-envirabox=\"859\" \/><\/div><\/a><div class=\"envira-gallery-captioned-data envira-gallery-captioned-data-base\"><\/div><\/div><\/div><div id=\"envira-gallery-item-302\" class=\"envira-gallery-item envira-gallery-item-2 envira-lazy-load enviratope-item\" style=\"padding-left: 5px; padding-bottom: 10px; padding-right: 5px;\"  itemscope itemtype=\"https:\/\/schema.org\/ImageObject\"><div class=\"envira-gallery-item-inner\"><div class=\"envira-gallery-position-overlay envira-gallery-top-left\"><\/div><div class=\"envira-gallery-position-overlay envira-gallery-top-right\"><\/div><div class=\"envira-gallery-position-overlay envira-gallery-bottom-left\"><\/div><div class=\"envira-gallery-position-overlay envira-gallery-bottom-right\"><\/div><a class=\"envira-gallery-859 envira-gallery-link\" href=\"https:\/\/www.audioblog.iis.fraunhofer.com\/wp-content\/uploads\/2014\/11\/IMTC_Award_II.jpg\" title=\"IMTC Award | \u00a9Fraunhofer IIS\/Valentin Schilling\" data-caption=\"IMTC Award | &copy;Fraunhofer IIS\/Valentin Schilling\" data-envira-item-id=\"302\" data-envira-retina=\"https:\/\/www.audioblog.iis.fraunhofer.com\/wp-content\/uploads\/2014\/11\/IMTC_Award_II.jpg\" data-thumb=\"https:\/\/www.audioblog.iis.fraunhofer.com\/wp-content\/uploads\/2014\/11\/IMTC_Award_II-150x150_c.jpg\" data-title=\"IMTC Award | &copy;Fraunhofer IIS\/Valentin Schilling\" data-envirabox='859' itemprop=\"contentUrl\"><div class=\"envira-lazy\" style=\"padding-bottom: 100%;\" data-envira-changed=\"false\" data-width=\"190\" data-height=\"190\"><img loading=\"lazy\" decoding=\"async\" src=\"https:\/\/www.audioblog.iis.fraunhofer.com\/wp-content\/uploads\/2014\/11\/IMTC_Award_II-190x190_c.jpg\" alt=\"The Leadership Award by the International Multimedia Telecommunications Consortium (IMTC) | &copy;Fraunhofer IIS\/Valentin Schilling\" class=\"envira-gallery-image envira-gallery-image-2    envira-lazy\" height=\"190\" id=\"envira-gallery-image-302\" srcset=\"data:image\/gif;base64,R0lGODlhAQABAIAAAP\/\/\/\/\/\/\/yH5BAEKAAEALAAAAAABAAEAAAICTAEAOw==\" tabindex=\"-1\" title=\"IMTC Award | \u00a9Fraunhofer IIS\/Valentin Schilling\" width=\"190\" data-caption=\"IMTC Award | &copy;Fraunhofer IIS\/Valentin Schilling\" data-envira-gallery-id=\"859\" data-envira-index=\"1\" data-envira-item-id=\"302\" data-envira-src=\"https:\/\/www.audioblog.iis.fraunhofer.com\/wp-content\/uploads\/2014\/11\/IMTC_Award_II-190x190_c.jpg\" data-envira-srcset=\"https:\/\/www.audioblog.iis.fraunhofer.com\/wp-content\/uploads\/2014\/11\/IMTC_Award_II-190x190_c.jpg 400w, https:\/\/www.audioblog.iis.fraunhofer.com\/wp-content\/uploads\/2014\/11\/IMTC_Award_II-190x190_c.jpg 2x\" data-title=\"IMTC Award | &copy;Fraunhofer IIS\/Valentin Schilling\" itemprop=\"thumbnailUrl\"  data-envirabox=\"859\" \/><\/div><\/a><div class=\"envira-gallery-captioned-data envira-gallery-captioned-data-base\"><\/div><\/div><\/div><\/div><\/div><noscript><img src='https:\/\/www.audioblog.iis.fraunhofer.com\/wp-content\/uploads\/2014\/11\/IMTC_Award_I.jpg' alt='Bernd Edler is delighted by the IMTC\u2019s recognition. \u00a9Fraunhofer IIS\/Valentin Schilling' class='envira_noscript_images ' \/><img src='https:\/\/www.audioblog.iis.fraunhofer.com\/wp-content\/uploads\/2014\/11\/IMTC_Award_II.jpg' alt='The Leadership Award by the International Multimedia Telecommunications Consortium (IMTC) | \u00a9Fraunhofer IIS\/Valentin Schilling' class='envira_noscript_images ' \/><\/noscript>\n","protected":false},"excerpt":{"rendered":"<p>Prof. Dr. Bernd Edler und Prof. Dr. Karlheinz Brandenburg erhalten internationale Auszeichnung.<\/p>\n<p>Der Leadership Award des International Multimedia Telecommunication Consortium (IMTC) geht in diesem Jahr an Prof. Dr. Bernd Edler, leitender Wissenschaftler im Bereich Audiosignalanalyse bei den <a title=\"International Audio Laboratories Erlangen\" href=\"http:\/\/www.audiolabs-erlangen.de\/\" target=\"_blank\" rel=\"noopener noreferrer\">International Audio Laboratories Erlangen<\/a>, einer gemeinsamen Einrichtung des Fraunhofer-Instituts f\u00fcr Integrierte Schaltungen IIS und der Friedrich-Alexander-Universit\u00e4t Erlangen-N\u00fcrnberg, und Prof. Dr. Karlheinz Brandenburg, Direktor des Fraunhofer-Instituts f\u00fcr Digitale Medientechnologie IDMT.<\/p>\n","protected":false},"author":2,"featured_media":1722,"comment_status":"closed","ping_status":"open","sticky":false,"template":"","format":"gallery","meta":{"footnotes":""},"categories":[106,116],"tags":[396],"class_list":["post-2685","post","type-post","status-publish","format-gallery","has-post-thumbnail","hentry","category-forschung","category-menschen","tag-mp3-de","post_format-post-format-gallery"],"_links":{"self":[{"href":"https:\/\/www.audioblog.iis.fraunhofer.com\/de\/wp-json\/wp\/v2\/posts\/2685"}],"collection":[{"href":"https:\/\/www.audioblog.iis.fraunhofer.com\/de\/wp-json\/wp\/v2\/posts"}],"about":[{"href":"https:\/\/www.audioblog.iis.fraunhofer.com\/de\/wp-json\/wp\/v2\/types\/post"}],"author":[{"embeddable":true,"href":"https:\/\/www.audioblog.iis.fraunhofer.com\/de\/wp-json\/wp\/v2\/users\/2"}],"replies":[{"embeddable":true,"href":"https:\/\/www.audioblog.iis.fraunhofer.com\/de\/wp-json\/wp\/v2\/comments?post=2685"}],"version-history":[{"count":4,"href":"https:\/\/www.audioblog.iis.fraunhofer.com\/de\/wp-json\/wp\/v2\/posts\/2685\/revisions"}],"predecessor-version":[{"id":5513,"href":"https:\/\/www.audioblog.iis.fraunhofer.com\/de\/wp-json\/wp\/v2\/posts\/2685\/revisions\/5513"}],"wp:featuredmedia":[{"embeddable":true,"href":"https:\/\/www.audioblog.iis.fraunhofer.com\/de\/wp-json\/wp\/v2\/media\/1722"}],"wp:attachment":[{"href":"https:\/\/www.audioblog.iis.fraunhofer.com\/de\/wp-json\/wp\/v2\/media?parent=2685"}],"wp:term":[{"taxonomy":"category","embeddable":true,"href":"https:\/\/www.audioblog.iis.fraunhofer.com\/de\/wp-json\/wp\/v2\/categories?post=2685"},{"taxonomy":"post_tag","embeddable":true,"href":"https:\/\/www.audioblog.iis.fraunhofer.com\/de\/wp-json\/wp\/v2\/tags?post=2685"}],"curies":[{"name":"wp","href":"https:\/\/api.w.org\/{rel}","templated":true}]}}