{"id":2672,"date":"2015-03-12T15:00:23","date_gmt":"2015-03-12T13:00:23","guid":{"rendered":"https:\/\/websites.fraunhofer.de\/iis_audioblog?p=2672"},"modified":"2019-04-17T16:32:34","modified_gmt":"2019-04-17T14:32:34","slug":"die-mobiltelefonie-der-zukunft","status":"publish","type":"post","link":"https:\/\/www.audioblog.iis.fraunhofer.com\/de\/die-mobiltelefonie-der-zukunft","title":{"rendered":"Die Mobiltelefonie der Zukunft"},"content":{"rendered":"<p>Vor wenigen Tagen endete Europas gr\u00f6\u00dfte Fachmesse der Mobilfunkindustrie in Barcelona: der Mobile World Congress. Das Fraunhofer IIS pr\u00e4sentierte mit dem k\u00fcrzlich in 3GPP standardisierten Kommunikationscodec <a href=\"https:\/\/www.audioblog.iis.fraunhofer.com\/de\/evs\">\u00bbEnhanced Voice Services\u00ab (EVS)<\/a> eine Vorschau der mobilen Telefonie von morgen.<\/p>\n<p>Erfahren Sie mehr \u00fcber den neuen 3GPP Kommunikationscodec EVS in unserem neuen Video.<\/p>\n<p><iframe loading=\"lazy\" src=\"https:\/\/www.youtube-nocookie.com\/embed\/4Ucyx667ztc\" width=\"620\" height=\"349\" frameborder=\"0\" allowfullscreen=\"allowfullscreen\"><\/iframe><br \/>\nHinweis: Mit dem Starten des Videos werden Daten an Youtube \u00fcbertragen.<\/p>\n","protected":false},"excerpt":{"rendered":"<p>Vor wenigen Tagen endete Europas gr\u00f6\u00dfte Fachmesse der Mobilfunkindustrie in Barcelona: der Mobile World Congress. Das Fraunhofer IIS pr\u00e4sentierte mit dem k\u00fcrzlich in 3GPP standardisierten Kommunikationscodec \u00bbEnhanced Voice Services\u00ab (EVS) eine Vorschau der mobilen Telefonie von morgen. Erfahren Sie mehr \u00fcber den neuen 3GPP Kommunikationscodec EVS in unserem neuen Video. Hinweis: Mit dem Starten des [&hellip;]<\/p>\n","protected":false},"author":2,"featured_media":0,"comment_status":"closed","ping_status":"open","sticky":false,"template":"","format":"video","meta":{"footnotes":""},"categories":[111],"tags":[336,392],"class_list":["post-2672","post","type-post","status-publish","format-video","hentry","category-produkte-technologien","tag-evs-de","tag-volte-de","post_format-post-format-video"],"_links":{"self":[{"href":"https:\/\/www.audioblog.iis.fraunhofer.com\/de\/wp-json\/wp\/v2\/posts\/2672"}],"collection":[{"href":"https:\/\/www.audioblog.iis.fraunhofer.com\/de\/wp-json\/wp\/v2\/posts"}],"about":[{"href":"https:\/\/www.audioblog.iis.fraunhofer.com\/de\/wp-json\/wp\/v2\/types\/post"}],"author":[{"embeddable":true,"href":"https:\/\/www.audioblog.iis.fraunhofer.com\/de\/wp-json\/wp\/v2\/users\/2"}],"replies":[{"embeddable":true,"href":"https:\/\/www.audioblog.iis.fraunhofer.com\/de\/wp-json\/wp\/v2\/comments?post=2672"}],"version-history":[{"count":2,"href":"https:\/\/www.audioblog.iis.fraunhofer.com\/de\/wp-json\/wp\/v2\/posts\/2672\/revisions"}],"predecessor-version":[{"id":4380,"href":"https:\/\/www.audioblog.iis.fraunhofer.com\/de\/wp-json\/wp\/v2\/posts\/2672\/revisions\/4380"}],"wp:attachment":[{"href":"https:\/\/www.audioblog.iis.fraunhofer.com\/de\/wp-json\/wp\/v2\/media?parent=2672"}],"wp:term":[{"taxonomy":"category","embeddable":true,"href":"https:\/\/www.audioblog.iis.fraunhofer.com\/de\/wp-json\/wp\/v2\/categories?post=2672"},{"taxonomy":"post_tag","embeddable":true,"href":"https:\/\/www.audioblog.iis.fraunhofer.com\/de\/wp-json\/wp\/v2\/tags?post=2672"}],"curies":[{"name":"wp","href":"https:\/\/api.w.org\/{rel}","templated":true}]}}