{"id":2440,"date":"2018-09-14T13:44:21","date_gmt":"2018-09-14T11:44:21","guid":{"rendered":"https:\/\/websites.fraunhofer.de\/iis_audioblog?p=2440"},"modified":"2020-01-03T17:24:55","modified_gmt":"2020-01-03T15:24:55","slug":"ibc-fraunhofer-iis-vewd-mpegh-hbbtv","status":"publish","type":"post","link":"https:\/\/www.audioblog.iis.fraunhofer.com\/de\/ibc-fraunhofer-iis-vewd-mpegh-hbbtv","title":{"rendered":"IBC 2018: Fraunhofer IIS und Vewd zeigen HbbTV mit MPEG-H Audio"},"content":{"rendered":"<p>Vewd ist der erste OTT-Softwareprovider, dessen HbbTV-Browser SDK mit MPEG-H Audio-Support ausgestattet ist. Dies erm\u00f6glicht es TV-Sendern, die fortschrittlichen Features von MPEG-H in deren HbbTV-Anwendungen zu testen. Zusammen mit dem Fraunhofer IIS hat Vewd die erste HbbTV-Applikation realisiert, die die Interaktivit\u00e4ts- und Personalisierungs-Features von MPEG-H Audio unterst\u00fctzt. Diese Implementierung wird nun auf der IBC Show in Amsterdam (14.-18. September 2018) mit einer Set-Top Box mit MPEG-H im Vewd-Browser gezeigt.<\/p>\n<p>Messebesucher, die zum Fraunhofer-Stand (8.B80) sowie zum Stand von Vewd (14.F02) kommen, k\u00f6nnen dort die Interaktivit\u00e4ts- und Barrierefreiheits-Features von MPEG-H Audio in HbbTV erleben: Beispielsweise wird es m\u00f6glich sein, zwischen verschiedenen Versionen von Audioinhalten zu w\u00e4hlen, wie etwa \u00bbDefault Mix\u00ab oder \u00bbDialog Enhancement\u00ab, oder aus verschiedenen verf\u00fcgbaren Sprachen. Zus\u00e4tzlich kann f\u00fcr mehr Barrierefreiheit eine Audiodeskription in der bevorzugten Sprache ausgew\u00e4hlt werden.<\/p>\n<p><strong>\u00dcber MPEG-H Audio <\/strong><\/p>\n<p>MPEG-H Audio ist Teil der ATSC 3.0- und DVB-Fernsehstandards. In S\u00fcdkorea ist terrestrisches UHD-TV mit MPEG-H Audio bereits auf Sendung, damit ist MPEG-H die weltweit erste kommerzialisierte TV-Audiotechnologie der n\u00e4chsten Generation.<\/p>\n<p>Professionelles Rundfunkequipment einschlie\u00dflich Encodern und Monitoring-L\u00f6sungen, sowie Wiedergabeprodukte wie TV-Ger\u00e4te oder Decoder-Chips mit MPEG-H-Support sind bereits am Markt erh\u00e4ltlich.<\/p>\n<p>Weitere Informationen \u00fcber MPEG-H finden sich unter <a href=\"https:\/\/www.iis.fraunhofer.de\/de\/ff\/amm\/prod\/digirundfunk\/digirundf\/tvaudio.html\" target=\"_blank\" rel=\"noopener noreferrer\">https:\/\/www.iis.fraunhofer.de\/mpeg-h<\/a> und <a href=\"http:\/\/www.mpegh.com\/\" target=\"_blank\" rel=\"noopener noreferrer\">www.mpegh.com<\/a>.<\/p>\n<p>Titelbild: \u00a9 Fraunhofer IIS<\/p>\n","protected":false},"excerpt":{"rendered":"<p>Auf der Messe IBC in Amsterdam pr\u00e4sentieren das Fraunhofer-Institut f\u00fcr Integrierte Schaltungen IIS und Vewd, einer der gr\u00f6\u00dften Anbieter von Over-the-top content (OTT)-Software f\u00fcr Smart-TVs, eine HbbTV-Demo mit DVB DASH-Streaming und <a href=\"https:\/\/www.iis.fraunhofer.de\/de\/ff\/amm\/prod\/digirundfunk\/digirundf\/tvaudio.html\" target=\"_blank\" rel=\"noopener noreferrer\">MPEG-H Audio<\/a>. Das Herz der Demonstration ist eine Set-Top Box mit Vewd-Core und einem Vewd HbbTV-Modul, das MPEG-H laut der neuesten HbbTV-Spezifikation (2.0.2) unterst\u00fctzt.<\/p>\n","protected":false},"author":2,"featured_media":2295,"comment_status":"closed","ping_status":"open","sticky":false,"template":"","format":"standard","meta":{"footnotes":""},"categories":[111,110],"tags":[374,360],"class_list":["post-2440","post","type-post","status-publish","format-standard","has-post-thumbnail","hentry","category-produkte-technologien","category-veranstaltungen-messen","tag-broadcast-de","tag-mpeg-h-de"],"_links":{"self":[{"href":"https:\/\/www.audioblog.iis.fraunhofer.com\/de\/wp-json\/wp\/v2\/posts\/2440"}],"collection":[{"href":"https:\/\/www.audioblog.iis.fraunhofer.com\/de\/wp-json\/wp\/v2\/posts"}],"about":[{"href":"https:\/\/www.audioblog.iis.fraunhofer.com\/de\/wp-json\/wp\/v2\/types\/post"}],"author":[{"embeddable":true,"href":"https:\/\/www.audioblog.iis.fraunhofer.com\/de\/wp-json\/wp\/v2\/users\/2"}],"replies":[{"embeddable":true,"href":"https:\/\/www.audioblog.iis.fraunhofer.com\/de\/wp-json\/wp\/v2\/comments?post=2440"}],"version-history":[{"count":4,"href":"https:\/\/www.audioblog.iis.fraunhofer.com\/de\/wp-json\/wp\/v2\/posts\/2440\/revisions"}],"predecessor-version":[{"id":5211,"href":"https:\/\/www.audioblog.iis.fraunhofer.com\/de\/wp-json\/wp\/v2\/posts\/2440\/revisions\/5211"}],"wp:featuredmedia":[{"embeddable":true,"href":"https:\/\/www.audioblog.iis.fraunhofer.com\/de\/wp-json\/wp\/v2\/media\/2295"}],"wp:attachment":[{"href":"https:\/\/www.audioblog.iis.fraunhofer.com\/de\/wp-json\/wp\/v2\/media?parent=2440"}],"wp:term":[{"taxonomy":"category","embeddable":true,"href":"https:\/\/www.audioblog.iis.fraunhofer.com\/de\/wp-json\/wp\/v2\/categories?post=2440"},{"taxonomy":"post_tag","embeddable":true,"href":"https:\/\/www.audioblog.iis.fraunhofer.com\/de\/wp-json\/wp\/v2\/tags?post=2440"}],"curies":[{"name":"wp","href":"https:\/\/api.w.org\/{rel}","templated":true}]}}